{"id":292612,"date":"2026-09-05T06:35:48","date_gmt":"2026-09-05T06:35:48","guid":{"rendered":"https:\/\/www.europesays.com\/ch-fr\/292612\/"},"modified":"2026-09-05T06:35:48","modified_gmt":"2026-09-05T06:35:48","slug":"encre-bleue-le-vieil-homme-interdit-de-passage","status":"publish","type":"post","link":"https:\/\/www.europesays.com\/ch-fr\/292612\/","title":{"rendered":"Encre bleue: le vieil homme interdit de passage"},"content":{"rendered":"\n<p>        \u2013   <\/p>\n<p> Le vieil homme interdit de passage <\/p>\n<p class=\"lead regular externalicon-big astro-odojtzmo\"> Hubert prend son raccourci habituel pour rentrer chez lui, et se fait refouler devant une cour de r\u00e9cr\u00e9. Pas cool.  <\/p>\n<p>  Julie    <\/p>\n<p>    Publi\u00e9: 04.09.2026, 11h02                           LinkedIn Lien copi\u00e9 Error occurred        Facebook Lien copi\u00e9 Error occurred        X Lien copi\u00e9 Error occurred           E-mail Lien copi\u00e9 Error occurred        Copier le lien Lien copi\u00e9 Error occurred                    <img decoding=\"async\" loading=\"eager\" fetchpriority=\"high\" src=\"https:\/\/www.europesays.com\/ch-fr\/wp-content\/uploads\/2026\/09\/3WBOqFK4qzg9abJj1IPZGO.jpg\" data-image-url=\"https:\/\/www.europesays.com\/ch-fr\/wp-content\/uploads\/2026\/09\/3WBOqFK4qzg9abJj1IPZGO.jpg\" alt=\"Deux \u00e9coli\u00e8res jouent avec des cerceaux bleu et rouge dans la cour r\u00e9am\u00e9nag\u00e9e de l\u2019\u00e9cole du 31 d\u00e9cembre \u00e0 Gen\u00e8ve.\" title=\"Deux \u00e9coli\u00e8res jouent avec des cerceaux bleu et rouge dans la cour r\u00e9am\u00e9nag\u00e9e de l\u2019\u00e9cole du 31 d\u00e9cembre \u00e0 Gen\u00e8ve.\" class=\"ResponsiveImage responsive-image astro-xbt4piv4\" style=\"background-color:#888682\" onload=\"this.style.backgroundColor = &quot;transparent&quot;\"\/>           <\/p>\n<p>Ben non, mon bon monsieur, on ne traverse pas la cour durant la r\u00e9cr\u00e9.<\/p>\n<p>LUCIEN FORTUNATI<\/p>\n<p class=\"astro-gkn4pfbc articleParagraph externalicon-big focus _content-width article-element astro-bqhs6jcx\">\u00abOn vit dans un monde de robots\u00bb, grince Hubert. \u00abD\u2019ailleurs, sur le web, il y a des robots qui te demandent si vous en \u00eates un. C\u2019est le comble!\u00bb L\u2019octog\u00e9naire genevois n\u2019est pas complotiste. Mais simplement un peu d\u00e9sabus\u00e9. L\u2019autre jour, il laisse sa fille et son \u00e9pouse \u00e0 la gare des Eaux-Vives pour renter tranquille chez lui aux Tulipiers. \u00abIl y a deux chemins: la route de Ch\u00eane bien pollu\u00e9e et un chemin bois\u00e9, qui passe entre les immeubles et par la cour de l\u2019\u00c9cole des Alli\u00e8res. J\u2019emprunte toujours le second.\u00bb<\/p>\n<p>  Huit m\u00e8tres du portail<\/p>\n<p class=\"astro-gkn4pfbc articleParagraph externalicon-big focus _content-width article-element astro-bqhs6jcx\">Mais pas jusqu\u2019au bout ce jour-l\u00e0. La cour de r\u00e9cr\u00e9 est pleine d\u2019enfants. Hubert en gravit les marches. \u00abEt l\u00e0, une dame d\u00e9boule. Elle m\u2019explique que je ne peux pas passer l\u00e0. Elle est d\u00e9sol\u00e9e.\u00bb Lui aussi. \u00abJe lui dis alors que j\u2019habite juste l\u00e0 derri\u00e8re. Je suis \u00e0 8\u00a0m\u00e8tres du portail.\u00bb Son interlocutrice, certes ennuy\u00e9e, ne veut rien entendre. \u00abElle aurait pu m\u2019accompagner. Il n\u2019y avait que trois pas.\u00bb Ou fermer les yeux trois secondes, \u00e7a marche aussi.<\/p>\n<p class=\"astro-gkn4pfbc articleParagraph externalicon-big focus _content-width article-element astro-bqhs6jcx\">Rien \u00e0 faire, donc. Le r\u00e8glement, voyez-vous, c\u2019est le r\u00e8glement; il ne souffre d\u2019aucune entorse, fut-elle hom\u00e9opathique. \u00abIl faisait chaud. J\u2019ai 83\u00a0ans. Et pas vraiment une t\u00eate de vieux pervers\u00bb, rigole notre a\u00een\u00e9. \u00abJe ne suis pas du genre \u00e0 r\u00e9clamer, \u00e0 faire des scandales. J\u2019ai rebrouss\u00e9 chemin pour refaire tout le tour. Elle \u00e9tait gentille, notez. Mais on vit tout de m\u00eame dans un monde de cons, si vous me passez l\u2019expression.\u00bb Oui, on vous la passe, cher Hubert.<\/p>\n<p class=\"astro-3x6bo2bc astro-bqhs6jcx\">\u00c9crivez \u00e0 Julie: julie@tdg.ch<\/p>\n<p class=\"boxtitle astro-hwrdf5ss astro-bqhs6jcx\">Encres bleues<\/p>\n<p>      Newsletter    <\/p>\n<p>\u00abL\u2019actualit\u00e9 en bref, le matin\u00bb<\/p>\n<p> Retrouvez chaque matin l\u2019essentiel de nos interviews, reportages et enqu\u00eates, s\u00e9lectionn\u00e9s avec soin par notre r\u00e9daction.  <\/p>\n<p class=\"astro-2yzsvld2\"> <a class=\"more astro-2yzsvld2\" href=\"https:\/\/www.tdg.ch\/nos-newsletters\" rel=\"nofollow noopener\" target=\"_blank\"> Autres newsletters <\/a> <\/p>\n<p>       Se connecter       <\/p>\n","protected":false},"excerpt":{"rendered":"\u2013 Le vieil homme interdit de passage Hubert prend son raccourci habituel pour rentrer chez lui, et se&hellip;\n","protected":false},"author":2,"featured_media":292613,"comment_status":"","ping_status":"","sticky":false,"template":"","format":"standard","meta":{"footnotes":"","_share_on_mastodon":"0"},"categories":[17],"tags":[11338,170,169,37,23],"class_list":["post-292612","post","type-post","status-publish","format-standard","has-post-thumbnail","category-geneve","tag-distract","tag-geneva","tag-geneve","tag-stats-seo","tag-suisse"],"share_on_mastodon":{"url":"https:\/\/pubeurope.com\/@ch_fr\/117217053316755146","error":""},"_links":{"self":[{"href":"https:\/\/www.europesays.com\/ch-fr\/wp-json\/wp\/v2\/posts\/292612","targetHints":{"allow":["GET"]}}],"collection":[{"href":"https:\/\/www.europesays.com\/ch-fr\/wp-json\/wp\/v2\/posts"}],"about":[{"href":"https:\/\/www.europesays.com\/ch-fr\/wp-json\/wp\/v2\/types\/post"}],"author":[{"embeddable":true,"href":"https:\/\/www.europesays.com\/ch-fr\/wp-json\/wp\/v2\/users\/2"}],"replies":[{"embeddable":true,"href":"https:\/\/www.europesays.com\/ch-fr\/wp-json\/wp\/v2\/comments?post=292612"}],"version-history":[{"count":0,"href":"https:\/\/www.europesays.com\/ch-fr\/wp-json\/wp\/v2\/posts\/292612\/revisions"}],"wp:featuredmedia":[{"embeddable":true,"href":"https:\/\/www.europesays.com\/ch-fr\/wp-json\/wp\/v2\/media\/292613"}],"wp:attachment":[{"href":"https:\/\/www.europesays.com\/ch-fr\/wp-json\/wp\/v2\/media?parent=292612"}],"wp:term":[{"taxonomy":"category","embeddable":true,"href":"https:\/\/www.europesays.com\/ch-fr\/wp-json\/wp\/v2\/categories?post=292612"},{"taxonomy":"post_tag","embeddable":true,"href":"https:\/\/www.europesays.com\/ch-fr\/wp-json\/wp\/v2\/tags?post=292612"}],"curies":[{"name":"wp","href":"https:\/\/api.w.org\/{rel}","templated":true}]}}