{"id":292616,"date":"2026-09-05T06:42:18","date_gmt":"2026-09-05T06:42:18","guid":{"rendered":"https:\/\/www.europesays.com\/ch-fr\/292616\/"},"modified":"2026-09-05T06:42:18","modified_gmt":"2026-09-05T06:42:18","slug":"mon-bel-ete-en-suisse-8-artistes-racontent-leurs-souvenirs","status":"publish","type":"post","link":"https:\/\/www.europesays.com\/ch-fr\/292616\/","title":{"rendered":"Mon bel \u00e9t\u00e9 en Suisse : 8 artistes racontent leurs souvenirs"},"content":{"rendered":"<p>La s\u00e9rie radio &lsquo;Mon bel \u00e9t\u00e9 en Suisse&rsquo; \u00e9tait de retour cet \u00e9t\u00e9 pour une troisi\u00e8me saison dans laquelle de nouvelles personnalit\u00e9s issues du monde culturel romand racontent leurs meilleurs souvenirs estivaux.<\/p>\n<p>Cette ann\u00e9e, ce sont la rappeuse Badnaiy, le duo Bandit Voyage, le r\u00e9alisateur de films d&rsquo;animation Robi Engler, l&rsquo;humoriste et com\u00e9dienne R\u00e9becca Balestra, les chanteuses Ella &amp; Marzia (ex-Marzella), l&rsquo;auteur et chroniqueur Quentin Mouron, le photographe Julien Regamey et l&rsquo;illustratrice Louiza Becquelin qui ont partag\u00e9 leurs souvenirs respectifs au micro de la RTS.<\/p>\n<p class=\"sources\">Une s\u00e9rie d&rsquo;\u00e9t\u00e9 sign\u00e9e Witold Langlois, diffus\u00e9e du 5 juillet au 23 ao\u00fbt sur RTS La Premi\u00e8re.<\/p>\n","protected":false},"excerpt":{"rendered":"La s\u00e9rie radio &lsquo;Mon bel \u00e9t\u00e9 en Suisse&rsquo; \u00e9tait de retour cet \u00e9t\u00e9 pour une troisi\u00e8me saison dans&hellip;\n","protected":false},"author":2,"featured_media":292617,"comment_status":"","ping_status":"","sticky":false,"template":"","format":"standard","meta":{"footnotes":"","_share_on_mastodon":"0"},"categories":[10],"tags":[1366,380,172,113,112,2869,2750,141,304,6116,23,1003,1704],"class_list":["post-292616","post","type-post","status-publish","format-standard","has-post-thumbnail","category-divertissement","tag-artiste","tag-arts-et-divertissement","tag-culture","tag-divertissement","tag-entertainment","tag-humoriste","tag-loup","tag-musique","tag-nature","tag-photographe","tag-suisse","tag-suisse-romande","tag-voyage"],"share_on_mastodon":{"url":"https:\/\/pubeurope.com\/@ch_fr\/117217076691853382","error":""},"_links":{"self":[{"href":"https:\/\/www.europesays.com\/ch-fr\/wp-json\/wp\/v2\/posts\/292616","targetHints":{"allow":["GET"]}}],"collection":[{"href":"https:\/\/www.europesays.com\/ch-fr\/wp-json\/wp\/v2\/posts"}],"about":[{"href":"https:\/\/www.europesays.com\/ch-fr\/wp-json\/wp\/v2\/types\/post"}],"author":[{"embeddable":true,"href":"https:\/\/www.europesays.com\/ch-fr\/wp-json\/wp\/v2\/users\/2"}],"replies":[{"embeddable":true,"href":"https:\/\/www.europesays.com\/ch-fr\/wp-json\/wp\/v2\/comments?post=292616"}],"version-history":[{"count":0,"href":"https:\/\/www.europesays.com\/ch-fr\/wp-json\/wp\/v2\/posts\/292616\/revisions"}],"wp:featuredmedia":[{"embeddable":true,"href":"https:\/\/www.europesays.com\/ch-fr\/wp-json\/wp\/v2\/media\/292617"}],"wp:attachment":[{"href":"https:\/\/www.europesays.com\/ch-fr\/wp-json\/wp\/v2\/media?parent=292616"}],"wp:term":[{"taxonomy":"category","embeddable":true,"href":"https:\/\/www.europesays.com\/ch-fr\/wp-json\/wp\/v2\/categories?post=292616"},{"taxonomy":"post_tag","embeddable":true,"href":"https:\/\/www.europesays.com\/ch-fr\/wp-json\/wp\/v2\/tags?post=292616"}],"curies":[{"name":"wp","href":"https:\/\/api.w.org\/{rel}","templated":true}]}}