{"id":292628,"date":"2026-09-05T06:54:15","date_gmt":"2026-09-05T06:54:15","guid":{"rendered":"https:\/\/www.europesays.com\/ch-fr\/292628\/"},"modified":"2026-09-05T06:54:15","modified_gmt":"2026-09-05T06:54:15","slug":"geneve-servette-remporte-son-premier-match-de-champions-league","status":"publish","type":"post","link":"https:\/\/www.europesays.com\/ch-fr\/292628\/","title":{"rendered":"Gen\u00e8ve-Servette remporte son premier match de Champions League"},"content":{"rendered":"<p class=\"wysiwyg-h2\">Comme Fribourg-Gott\u00e9ron, Gen\u00e8ve-Servette a bien commenc\u00e9 le tour pr\u00e9liminaire de la Champions Hockey League. Les Aigles se sont impos\u00e9s 6-2 \u00e0 domicile vendredi contre les Eisb\u00e4ren Berlin.<\/p>\n<p>A Gen\u00e8ve, c&rsquo;est toujours la l\u00e9gion finlandaise qui dicte sa loi. Vili Saarij\u00e4rvi (3e) et Markus Granlund (5e) n&rsquo;ont pas mis longtemps \u00e0 le rappeler en donnant tr\u00e8s vite deux buts d&rsquo;avance au GSHC, le soir de la grande premi\u00e8re du nouvel entra\u00eeneur Sam Hallam.<\/p>\n<p>Les Ours berlinois ont r\u00e9duit la marque en fin de premier tiers-temps en power-play avant d&rsquo;\u00e9galiser \u00e0 la mi-match. Mais Sakari Manninen &#8211; encore un Finlandais! &#8211; a redonn\u00e9 l&rsquo;avantage \u00e0 Gen\u00e8ve juste avant la deuxi\u00e8me sir\u00e8ne, et mis un coup sur la t\u00eate des visiteurs.<\/p>\n<p>Granlund s&rsquo;est ensuite offert un doubl\u00e9 (49e), puis Jimmy Vesey (54e) et Noah Rod (58e, dans la cage vide) ont sal\u00e9 l&rsquo;addition en fin de match. Le deuxi\u00e8me match des Aigles dans la comp\u00e9tition est pr\u00e9vu dimanche, toujours \u00e0 Gen\u00e8ve, face aux Norv\u00e9giens de Storhamar (14h00).<\/p>\n<p>Davos gagne en prolongation<\/p>\n<p>Ils devront se m\u00e9fier des Scandinaves, qui ont caus\u00e9 du fil \u00e0 retordre \u00e0 Davos vendredi. Les finalistes de National League ont d\u00fb attendre la prolongation et un but de Rasmus Asplund (65e) pour s&rsquo;imposer 3-2. Un doubl\u00e9 de Filip Zadina (5e\/7e) en d\u00e9but de match n&rsquo;avait pas suffi \u00e0 mettre \u00e0 genoux les Norv\u00e9giens.<\/p>\n<p> \/ATS<\/p>\n","protected":false},"excerpt":{"rendered":"Comme Fribourg-Gott\u00e9ron, Gen\u00e8ve-Servette a bien commenc\u00e9 le tour pr\u00e9liminaire de la Champions Hockey League. Les Aigles se sont&hellip;\n","protected":false},"author":2,"featured_media":292629,"comment_status":"","ping_status":"","sticky":false,"template":"","format":"standard","meta":{"footnotes":"","_share_on_mastodon":"0"},"categories":[17],"tags":[121,124,128,119,122,123,170,169,118,136,132,131,133,130,135,120,126,117,125,114,115,116,23,129,127,134],"class_list":["post-292628","post","type-post","status-publish","format-standard","has-post-thumbnail","category-geneve","tag-ajoie","tag-animation","tag-bienne","tag-delemont","tag-franches-montagnes","tag-frequence","tag-geneva","tag-geneve","tag-jura","tag-jura-bernois","tag-la-chaux-de-fonds","tag-moutier","tag-neuchatel","tag-neuveville","tag-payerne","tag-porrentruy","tag-publicite","tag-radio","tag-redaction","tag-rfj","tag-rjb","tag-rtn","tag-suisse","tag-tavannes","tag-vallon-de-st-imier","tag-yverdon"],"share_on_mastodon":{"url":"https:\/\/pubeurope.com\/@ch_fr\/117217123566923261","error":""},"_links":{"self":[{"href":"https:\/\/www.europesays.com\/ch-fr\/wp-json\/wp\/v2\/posts\/292628","targetHints":{"allow":["GET"]}}],"collection":[{"href":"https:\/\/www.europesays.com\/ch-fr\/wp-json\/wp\/v2\/posts"}],"about":[{"href":"https:\/\/www.europesays.com\/ch-fr\/wp-json\/wp\/v2\/types\/post"}],"author":[{"embeddable":true,"href":"https:\/\/www.europesays.com\/ch-fr\/wp-json\/wp\/v2\/users\/2"}],"replies":[{"embeddable":true,"href":"https:\/\/www.europesays.com\/ch-fr\/wp-json\/wp\/v2\/comments?post=292628"}],"version-history":[{"count":0,"href":"https:\/\/www.europesays.com\/ch-fr\/wp-json\/wp\/v2\/posts\/292628\/revisions"}],"wp:featuredmedia":[{"embeddable":true,"href":"https:\/\/www.europesays.com\/ch-fr\/wp-json\/wp\/v2\/media\/292629"}],"wp:attachment":[{"href":"https:\/\/www.europesays.com\/ch-fr\/wp-json\/wp\/v2\/media?parent=292628"}],"wp:term":[{"taxonomy":"category","embeddable":true,"href":"https:\/\/www.europesays.com\/ch-fr\/wp-json\/wp\/v2\/categories?post=292628"},{"taxonomy":"post_tag","embeddable":true,"href":"https:\/\/www.europesays.com\/ch-fr\/wp-json\/wp\/v2\/tags?post=292628"}],"curies":[{"name":"wp","href":"https:\/\/api.w.org\/{rel}","templated":true}]}}