{"id":292630,"date":"2026-09-05T06:56:18","date_gmt":"2026-09-05T06:56:18","guid":{"rendered":"https:\/\/www.europesays.com\/ch-fr\/292630\/"},"modified":"2026-09-05T06:56:18","modified_gmt":"2026-09-05T06:56:18","slug":"mustii-se-confie-sur-son-parcours-leurovision-et-son-coming-out","status":"publish","type":"post","link":"https:\/\/www.europesays.com\/ch-fr\/292630\/","title":{"rendered":"Mustii se confie sur son parcours, l\u2019Eurovision et son coming-out"},"content":{"rendered":"<p>  <img decoding=\"async\" class=\"r-img lazyloaded\" src=\"https:\/\/www.europesays.com\/ch-fr\/wp-content\/uploads\/2026\/09\/tamigniau.jpg\" alt=\"Mathieu Tamigniau\"\/><\/p>\n<p>par <a href=\"https:\/\/www.rtl.be\/338326\/dpi-authors\/mathieu-tamigniau\" rel=\"nofollow noopener\" target=\"_blank\">Mathieu Tamigniau<\/a><\/p>\n<p>\tPubli\u00e9 le 05 septembre \u00e0 06h00<\/p>\n<p>  <a href=\"https:\/\/www.google.com\/preferences\/source?q=rtl%20info\" class=\"r-link--google-favorites\" role=\"button\">Ajoutez-nous \u00e0 vos favoris Google<\/a><br \/>\n\tActeur, chanteur, artiste multiple, Mustii se confie \u00e0 Jean-Michel Zecca dans Histoire personnelle. De son enfance timide \u00e0 l\u2019Eurovision, en passant par le cin\u00e9ma et ses projets futurs, il livre un entretien particuli\u00e8rement personnel.<\/p>\n<p>&#13;<br \/>\n&#13;<\/p>\n<p>Que reste-t-il du petit gar\u00e7on qui avait \u00ab\u00a0peur des autres\u00a0\u00bb avant de d\u00e9couvrir le th\u00e9\u00e2tre\u00a0? Dans cet \u00e9pisode d\u2019Histoire personnelle, Mustii remonte le fil de son parcours avec une sinc\u00e9rit\u00e9 rare. L\u2019artiste \u00e9voque ses doutes, son rapport parfois compliqu\u00e9 \u00e0 son image, les castings, la peur du vide apr\u00e8s les projets, mais aussi les le\u00e7ons tir\u00e9es de l\u2019Eurovision. \u00ab\u00a0J\u2019ai appris \u00e0 dire non\u00a0\u00bb, confie-t-il notamment au micro de Jean-Michel Zecca.<\/p>\n<p>\u00c9coutez l\u2019int\u00e9gralit\u00e9 de cet \u00e9change, entre r\u00e9v\u00e9lations, remises en question et nouveaux d\u00e9parts\u00a0:<\/p>\n<p>L\u2019invit\u00e9 revient \u00e9galement sur plusieurs r\u00f4les marquants, dont celui de Patrick Dils, une rencontre qui l\u2019a profond\u00e9ment marqu\u00e9, ainsi que sur \u00ab\u00a0La nuit se tra\u00eene\u00a0\u00bb (<a href=\"https:\/\/www.rtlplay.be\/rtlplay\/la-nuit-se-traine~a9eaede4-8d86-4d5a-a568-dbe527a96ba6\" target=\"_blank\" rel=\"nofollow noopener\">\u00e0 d\u00e9couvrir sur RTL play<\/a>) et son envie grandissante de passer un jour derri\u00e8re la cam\u00e9ra.<\/p>\n<p>&#13;<br \/>\n&#13;<\/p>\n<p>&#13;<br \/>\n&#13;<\/p>\n<p>Et puis il y a les confidences plus intimes. \u00c0 la fin de l\u2019entretien, Mustii r\u00e9v\u00e8le la nuit de sa vie qu\u2019il aurait aim\u00e9 voir durer un peu plus longtemps. Une r\u00e9ponse intime li\u00e9e \u00e0 son coming-out, qui donne \u00e0 cette conversation une r\u00e9sonance particuli\u00e8re.<\/p>\n<p><a href=\"https:\/\/www.rtl.be\/page-videos\/histoire-personnelle\" target=\"_blank\" rel=\"nofollow noopener\">&gt; Histoire personnelle\u00a0: \u00e0 d\u00e9couvrir \u00e9galement en vid\u00e9o<\/a><\/p>\n<p><a class=\"r-btn r-btn--tag\" href=\"https:\/\/www.rtl.be\/386338\/persons\/mustii\" title=\"Mustii\" rel=\"nofollow noopener\" target=\"_blank\">Mustii<\/a><br \/>\n<a class=\"r-btn r-btn--tag\" href=\"https:\/\/www.rtl.be\/383959\/persons\/jean-marie-bigard\" title=\"Jean-Marie Bigard\" rel=\"nofollow noopener\" target=\"_blank\">Jean-Marie Bigard<\/a><br \/>\n<a class=\"r-btn r-btn--tag\" href=\"https:\/\/www.rtl.be\/384241\/persons\/jean-michel-zecca\" title=\"Jean-Michel Zecca\" rel=\"nofollow noopener\" target=\"_blank\">Jean-Michel Zecca<\/a><\/p>\n","protected":false},"excerpt":{"rendered":"par Mathieu Tamigniau Publi\u00e9 le 05 septembre \u00e0 06h00 Ajoutez-nous \u00e0 vos favoris Google Acteur, chanteur, artiste multiple,&hellip;\n","protected":false},"author":2,"featured_media":292631,"comment_status":"","ping_status":"","sticky":false,"template":"","format":"standard","meta":{"footnotes":"","_share_on_mastodon":"0"},"categories":[15],"tags":[158,157,384,63794,113,112,63796,4467,63793,40152,63792,63795,159,45789,23,173],"class_list":["post-292630","post","type-post","status-publish","format-standard","has-post-thumbnail","category-people","tag-celebrities","tag-celebrity","tag-cinema","tag-coming-out","tag-divertissement","tag-entertainment","tag-entretien-intime","tag-eurovision","tag-histoire-personnelle","tag-jean-michel-zecca","tag-mustii","tag-patrick-dils","tag-people","tag-rtl-play","tag-suisse","tag-theatre"],"share_on_mastodon":{"url":"https:\/\/pubeurope.com\/@ch_fr\/117217132104676318","error":""},"_links":{"self":[{"href":"https:\/\/www.europesays.com\/ch-fr\/wp-json\/wp\/v2\/posts\/292630","targetHints":{"allow":["GET"]}}],"collection":[{"href":"https:\/\/www.europesays.com\/ch-fr\/wp-json\/wp\/v2\/posts"}],"about":[{"href":"https:\/\/www.europesays.com\/ch-fr\/wp-json\/wp\/v2\/types\/post"}],"author":[{"embeddable":true,"href":"https:\/\/www.europesays.com\/ch-fr\/wp-json\/wp\/v2\/users\/2"}],"replies":[{"embeddable":true,"href":"https:\/\/www.europesays.com\/ch-fr\/wp-json\/wp\/v2\/comments?post=292630"}],"version-history":[{"count":0,"href":"https:\/\/www.europesays.com\/ch-fr\/wp-json\/wp\/v2\/posts\/292630\/revisions"}],"wp:featuredmedia":[{"embeddable":true,"href":"https:\/\/www.europesays.com\/ch-fr\/wp-json\/wp\/v2\/media\/292631"}],"wp:attachment":[{"href":"https:\/\/www.europesays.com\/ch-fr\/wp-json\/wp\/v2\/media?parent=292630"}],"wp:term":[{"taxonomy":"category","embeddable":true,"href":"https:\/\/www.europesays.com\/ch-fr\/wp-json\/wp\/v2\/categories?post=292630"},{"taxonomy":"post_tag","embeddable":true,"href":"https:\/\/www.europesays.com\/ch-fr\/wp-json\/wp\/v2\/tags?post=292630"}],"curies":[{"name":"wp","href":"https:\/\/api.w.org\/{rel}","templated":true}]}}