{"id":292642,"date":"2026-09-05T07:08:11","date_gmt":"2026-09-05T07:08:11","guid":{"rendered":"https:\/\/www.europesays.com\/ch-fr\/292642\/"},"modified":"2026-09-05T07:08:11","modified_gmt":"2026-09-05T07:08:11","slug":"diamond-league-audrey-werro-en-lice-sur-800m-a-bruxelles","status":"publish","type":"post","link":"https:\/\/www.europesays.com\/ch-fr\/292642\/","title":{"rendered":"Diamond League : Audrey Werro en lice sur 800m \u00e0 Bruxelles"},"content":{"rendered":"<p>Cinq athl\u00e8tes suisses seront en lice lors de la deuxi\u00e8me soir\u00e9e de la finale de la Diamond League \u00e0 Bruxelles samedi. Les projecteurs sont \u00e0 nouveau braqu\u00e9s sur Audrey Werro.<\/p>\n<p>Invaincue cette ann\u00e9e sur 800m (\u00e0 l&rsquo;exception de la demi-finale des Europ\u00e9ens), Audrey Werro entend bien le rester. Elle a remport\u00e9 les cinq courses auxquelles elle a particip\u00e9 dans le cadre de la Diamond League, \u00e0 Rabat, Stockholm, Paris, Lausanne et Zurich.<\/p>\n<p>Au Weltklasse, la Fribourgeoise a encore am\u00e9lior\u00e9 la meilleure performance mondiale de l\u2019ann\u00e9e pour la porter \u00e0 1&rsquo;53\u00a0\u00bb70, \u00e0 0\u00a0\u00bb42 du \u00ab\u00a0vieux\u00a0\u00bb record du monde de Jarmila Kratochvila. Elle n&rsquo;a plus que deux opportunit\u00e9s de l&rsquo;am\u00e9liorer cette ann\u00e9e. \u00c0 Bruxelles donc, puis \u00e0 Budapest le week-end suivant lors des Ultimate Championships.<\/p>\n<p>   <img decoding=\"async\" class=\"embed-responsive-item\" loading=\"lazy\" src=\"https:\/\/www.europesays.com\/ch-fr\/wp-content\/uploads\/2026\/09\/f4c43d0b-29347914.image.png\" alt=\"Audrey Werro \u00e0 l'interview avant le 800m des finales de Bruxelles\"\/>    Audrey Werro \u00e0 l&rsquo;interview avant le 800m des finales de Bruxelles \/ Athl\u00e9tisme \/ 1 min. \/ hier \u00e0 18:37 <\/p>\n<p>La troisi\u00e8me femme la plus rapide de l&rsquo;histoire sur le double tour de piste courra en fin de session (21h39 en direct sur RTS 2). En l&rsquo;absence de Keely Hodgkinson d\u00e9j\u00e0 absente \u00e0 Zurich, sa principale rivale sera la N\u00e9erlandaise Femke Broeders-Bol. Une deuxi\u00e8me Suissesse sera de la partie sur la distance, Veronica Vancardo.<\/p>\n<p>Outre ces deux sp\u00e9cialistes du 800m, la perchiste Angelica Moser s\u2019est \u00e9galement qualifi\u00e9e pour ces finales. Avec six places sur le podium en six d\u00e9parts cette saison, la Zurichoise a r\u00e9ussi \u00e0 devenir tr\u00e8s constante. Si les conditions sont r\u00e9unies, elle pourrait viser son record de Suisse (4m88). Chez les messieurs, Timoth\u00e9 Mumenthaler prendra le d\u00e9part du 200m, Dominic Lobalu du 5000m.<\/p>\n<p class=\"sources\">ats\/tddb<\/p>\n","protected":false},"excerpt":{"rendered":"Cinq athl\u00e8tes suisses seront en lice lors de la deuxi\u00e8me soir\u00e9e de la finale de la Diamond League&hellip;\n","protected":false},"author":2,"featured_media":292643,"comment_status":"","ping_status":"","sticky":false,"template":"","format":"standard","meta":{"footnotes":"","_share_on_mastodon":"0"},"categories":[4],"tags":[22,788,10270,1297,1746,34498,21,466,186,23,2085,32],"class_list":["post-292642","post","type-post","status-publish","format-standard","has-post-thumbnail","category-actualites","tag-actualites","tag-athletisme","tag-audrey-werro","tag-belgique","tag-bruxelles","tag-ligue-de-diamant","tag-news","tag-rts-sport","tag-sport","tag-suisse","tag-tout-le-sport","tag-zurich"],"share_on_mastodon":{"url":"https:\/\/pubeurope.com\/@ch_fr\/117217178993373302","error":""},"_links":{"self":[{"href":"https:\/\/www.europesays.com\/ch-fr\/wp-json\/wp\/v2\/posts\/292642","targetHints":{"allow":["GET"]}}],"collection":[{"href":"https:\/\/www.europesays.com\/ch-fr\/wp-json\/wp\/v2\/posts"}],"about":[{"href":"https:\/\/www.europesays.com\/ch-fr\/wp-json\/wp\/v2\/types\/post"}],"author":[{"embeddable":true,"href":"https:\/\/www.europesays.com\/ch-fr\/wp-json\/wp\/v2\/users\/2"}],"replies":[{"embeddable":true,"href":"https:\/\/www.europesays.com\/ch-fr\/wp-json\/wp\/v2\/comments?post=292642"}],"version-history":[{"count":0,"href":"https:\/\/www.europesays.com\/ch-fr\/wp-json\/wp\/v2\/posts\/292642\/revisions"}],"wp:featuredmedia":[{"embeddable":true,"href":"https:\/\/www.europesays.com\/ch-fr\/wp-json\/wp\/v2\/media\/292643"}],"wp:attachment":[{"href":"https:\/\/www.europesays.com\/ch-fr\/wp-json\/wp\/v2\/media?parent=292642"}],"wp:term":[{"taxonomy":"category","embeddable":true,"href":"https:\/\/www.europesays.com\/ch-fr\/wp-json\/wp\/v2\/categories?post=292642"},{"taxonomy":"post_tag","embeddable":true,"href":"https:\/\/www.europesays.com\/ch-fr\/wp-json\/wp\/v2\/tags?post=292642"}],"curies":[{"name":"wp","href":"https:\/\/api.w.org\/{rel}","templated":true}]}}