{"id":292646,"date":"2026-09-05T07:12:43","date_gmt":"2026-09-05T07:12:43","guid":{"rendered":"https:\/\/www.europesays.com\/ch-fr\/292646\/"},"modified":"2026-09-05T07:12:43","modified_gmt":"2026-09-05T07:12:43","slug":"neutralite-un-think-tank-genevois-sous-la-loupe","status":"publish","type":"post","link":"https:\/\/www.europesays.com\/ch-fr\/292646\/","title":{"rendered":"Neutralit\u00e9: un think tank genevois sous la loupe"},"content":{"rendered":"\n<p> Abo       \u2013   <\/p>\n<p> Un think tank genevois navigue entre diplomatie et zones grises <\/p>\n<p class=\"lead regular externalicon-big astro-odojtzmo\"> Le Geneva Center for Neutrality se dit non partisan et participe \u00e0 nourrir le d\u00e9bat sur la neutralit\u00e9. Mais certains de ses fondateurs entretiennent des liens ambigus.  <\/p>\n<p>   <img loading=\"lazy\" decoding=\"async\" src=\"https:\/\/www.europesays.com\/ch-fr\/wp-content\/uploads\/2026\/09\/2vIeCSrKqbrAni19HjMyOV.jpg\"  width=\"100\" height=\"100\"  alt=\"Catherine Cochard\" class=\"AuthorImage -content-head authorimage astro-ivm7rlur astro-uymtm5hg\" style=\"background-color:#5B5B5B\"\/>         Publi\u00e9 aujourd\u2019hui \u00e0 08h41                            LinkedIn Lien copi\u00e9 Error occurred        Facebook Lien copi\u00e9 Error occurred        X Lien copi\u00e9 Error occurred           E-mail Lien copi\u00e9 Error occurred        Copier le lien Lien copi\u00e9 Error occurred                    <img decoding=\"async\" loading=\"eager\" fetchpriority=\"high\" src=\"https:\/\/www.europesays.com\/ch-fr\/wp-content\/uploads\/2026\/09\/4uP1xmZq4Zv9SvENhuv0nC.jpg\" data-image-url=\"https:\/\/www.europesays.com\/ch-fr\/wp-content\/uploads\/2026\/09\/4uP1xmZq4Zv9SvENhuv0nC.jpg\" alt=\"Un motard passe devant une affiche \u00abPas de guerre. OUI \u00e0 la neutralit\u00e9 suisse\u00bb \u00e0 Lausanne, pour le vote du 27 septembre 2026.\" title=\"Un motard passe devant une affiche \u00abPas de guerre. OUI \u00e0 la neutralit\u00e9 suisse\u00bb \u00e0 Lausanne, pour le vote du 27 septembre 2026.\" class=\"ResponsiveImage responsive-image astro-xbt4piv4\" style=\"background-color:#323426\" onload=\"this.style.backgroundColor = &quot;transparent&quot;\"\/>           <\/p>\n<p>\u00c0 Lausanne, un motard passe devant une affiche invitant \u00e0 voter en faveur de l\u2019initiative sur la neutralit\u00e9, un objet sur lequel le peuple se prononcera le 27\u00a0septembre prochain.<\/p>\n<p>KEYSTONE\/Laurent Gillieron<\/p>\n<p class=\"astro-gkn4pfbc articleParagraph externalicon-big focus _content-width article-element astro-bqhs6jcx\">Le 27\u00a0septembre prochain, le peuple se prononcera sur la votation f\u00e9d\u00e9rale \u00ab<a class=\" astro-bqhs6jcx\" target=\"_blank\" rel=\"noopener noreferrer nofollow\" href=\"https:\/\/www.admin.ch\/fr\/initiative-neutralite\" data-article-link=\"https:\/\/www.admin.ch\/fr\/initiative-neutralite\">Sauvegarder la neutralit\u00e9 suisse<\/a>\u00bb. Cette initiative veut inscrire explicitement dans la Constitution f\u00e9d\u00e9rale le principe d\u2019une neutralit\u00e9 \u00abperp\u00e9tuelle et arm\u00e9e\u00bb. En cas d\u2019acceptation, la Suisse ne pourrait plus imposer ou reprendre de sanctions autonomes contre des \u00c9tats bellig\u00e9rants, \u00e0 l\u2019exception de celles d\u00e9cid\u00e9es par l\u2019ONU, et l\u2019adh\u00e9sion \u00e0 des alliances militaires \u2013 sauf en cas d\u2019attaque directe contre le pays \u2013 serait interdite.<\/p>\n","protected":false},"excerpt":{"rendered":"Abo \u2013 Un think tank genevois navigue entre diplomatie et zones grises Le Geneva Center for Neutrality se&hellip;\n","protected":false},"author":2,"featured_media":292647,"comment_status":"","ping_status":"","sticky":false,"template":"","format":"standard","meta":{"footnotes":"","_share_on_mastodon":"0"},"categories":[17],"tags":[11309,170,169,251,37,23],"class_list":["post-292646","post","type-post","status-publish","format-standard","has-post-thumbnail","category-geneve","tag-facts","tag-geneva","tag-geneve","tag-stats-editorial-team","tag-stats-seo","tag-suisse"],"share_on_mastodon":{"url":"https:\/\/pubeurope.com\/@ch_fr\/117217195065596824","error":""},"_links":{"self":[{"href":"https:\/\/www.europesays.com\/ch-fr\/wp-json\/wp\/v2\/posts\/292646","targetHints":{"allow":["GET"]}}],"collection":[{"href":"https:\/\/www.europesays.com\/ch-fr\/wp-json\/wp\/v2\/posts"}],"about":[{"href":"https:\/\/www.europesays.com\/ch-fr\/wp-json\/wp\/v2\/types\/post"}],"author":[{"embeddable":true,"href":"https:\/\/www.europesays.com\/ch-fr\/wp-json\/wp\/v2\/users\/2"}],"replies":[{"embeddable":true,"href":"https:\/\/www.europesays.com\/ch-fr\/wp-json\/wp\/v2\/comments?post=292646"}],"version-history":[{"count":0,"href":"https:\/\/www.europesays.com\/ch-fr\/wp-json\/wp\/v2\/posts\/292646\/revisions"}],"wp:featuredmedia":[{"embeddable":true,"href":"https:\/\/www.europesays.com\/ch-fr\/wp-json\/wp\/v2\/media\/292647"}],"wp:attachment":[{"href":"https:\/\/www.europesays.com\/ch-fr\/wp-json\/wp\/v2\/media?parent=292646"}],"wp:term":[{"taxonomy":"category","embeddable":true,"href":"https:\/\/www.europesays.com\/ch-fr\/wp-json\/wp\/v2\/categories?post=292646"},{"taxonomy":"post_tag","embeddable":true,"href":"https:\/\/www.europesays.com\/ch-fr\/wp-json\/wp\/v2\/tags?post=292646"}],"curies":[{"name":"wp","href":"https:\/\/api.w.org\/{rel}","templated":true}]}}