{"id":292692,"date":"2026-09-05T07:58:14","date_gmt":"2026-09-05T07:58:14","guid":{"rendered":"https:\/\/www.europesays.com\/ch-fr\/292692\/"},"modified":"2026-09-05T07:58:14","modified_gmt":"2026-09-05T07:58:14","slug":"geneve-28-apprentis-mediamaticiens-sous-contrat-avec-3sheds-brusquement-prives-de-formation","status":"publish","type":"post","link":"https:\/\/www.europesays.com\/ch-fr\/292692\/","title":{"rendered":"Gen\u00e8ve : 28 apprentis m\u00e9diamaticiens sous contrat avec 3Sheds brusquement priv\u00e9s de formation"},"content":{"rendered":"<p><img loading=\"lazy\" decoding=\"async\" src=\"https:\/\/www.europesays.com\/ch-fr\/wp-content\/uploads\/2026\/09\/f580f7ca-c73d-4ba8-80b9-0ff68bd98ddd.jpg\" alt=\"Les m\u00e9diamaticiens sont des g\u00e9n\u00e9ralistes \u00e0 l'aise en informatique, en multim\u00e9dia, en marketing et en communication.\" title=\"Les m\u00e9diamaticiens sont des g\u00e9n\u00e9ralistes \u00e0 l'aise en informatique, en multim\u00e9dia, en marketing et en communication.\"  width=\"1200\" height=\"800\"\/>Les m\u00e9diamaticiens sont des g\u00e9n\u00e9ralistes \u00e0 l&rsquo;aise en informatique, en multim\u00e9dia, en marketing et en communication.Getty Images\/Maskot<\/p>\n<p type=\"textBlockArray\" class=\"sc-96fb0400-2 bwOXSg\">Le vendredi 14 ao\u00fbt, \u00e0 15h59, un mail est tomb\u00e9 dans la bo\u00eete de 28 apprentis genevois en m\u00e9diamatique et en d\u00e9veloppement de business num\u00e9rique. Lorsqu&rsquo;ils l&rsquo;ont ouvert, le sol s&rsquo;est sans doute d\u00e9rob\u00e9 sous leurs pieds: ils se retrouvaient d\u00e9pourvus de formation, \u00e0 trois jours de la rentr\u00e9e. Tous partageaient un point commun: ils avaient sign\u00e9 un contrat d&rsquo;apprentissage avec l&rsquo;association 3Sheds.<\/p>\n<p type=\"textBlockArray\" class=\"sc-96fb0400-2 bwOXSg\">La mauvaise nouvelle \u00e9manait de l&rsquo;Office pour l&rsquo;orientation, la formation professionnelle et continue (OFPC) genevois. Il les informait que \u00abl&rsquo;Assembl\u00e9e g\u00e9n\u00e9rale de 3Sheds Gen\u00e8ve a d\u00e9cid\u00e9 d&rsquo;engager une proc\u00e9dure de cessation d&rsquo;activit\u00e9. Dans ce contexte, l&rsquo;OFPC se voit contraint de retirer \u00e0 l&rsquo;entreprise son autorisation de former.\u00bb<\/p>\n<p class=\"sc-6d297a98-4 fjxCDh\">M\u00e9diamaticien, c&rsquo;est quoi?<\/p>\n<p>Un m\u00e9diamaticien poss\u00e8de des comp\u00e9tences en informatique, en multim\u00e9dia, en marketing et en communication. Il con\u00e7oit des sites web, des affiches, des flyers, des vid\u00e9os, des animations. Il g\u00e8re les r\u00e9seaux sociaux, m\u00e8ne des actions marketing et collabore avec le secteur administratif d\u2019une entreprise.<\/p>\n<p type=\"textBlockArray\" class=\"sc-96fb0400-2 bwOXSg\">Voil\u00e0 les apprentis dans les limbes. L&rsquo;OFPC leur explique avoir sollicit\u00e9 diverses entreprises formatrices du canton susceptibles de cr\u00e9er des postes, en vain. Seule solution offerte, tr\u00e8s partielle: l&rsquo;OFPC lui-m\u00eame a ouvert trois places d&rsquo;apprentissage, auxquelles les naufrag\u00e9s peuvent postuler. Ceux qui ne seront pas retenus devront se contenter de cette promesse: \u00abL&rsquo;OFPC poursuivra activement la recherche de solutions avec vous\u00bb.<\/p>\n<p>3Sheds interdite de recruter des apprentis<\/p>\n<p type=\"textBlockArray\" class=\"sc-96fb0400-2 bwOXSg\">Olivier Poletti, qui dirige l\u2019association 3Sheds Gen\u00e8ve, explique que \u00able facteur principal\u00bb ayant conduit l\u2019entit\u00e9 \u00e0 \u00abenvisager une cessation d&rsquo;activit\u00e9 est l&rsquo;interdiction de recruter des apprentis de premi\u00e8re ann\u00e9e pour la rentr\u00e9e 2026\/2027\u00bb. Il n&rsquo;en explique pas la raison, arguant qu&rsquo;elle ne lui a jamais \u00e9t\u00e9 notifi\u00e9e \u00absous la forme d&rsquo;une d\u00e9cision \u00e9crite motiv\u00e9e indiquant les voies de recours\u00bb. \u00c0 cela s&rsquo;ajoute \u00abune situation \u00e9conomique d\u00e9licate\u00bb.<\/p>\n<p type=\"textBlockArray\" class=\"sc-96fb0400-2 bwOXSg\">Selon le D\u00e9partement de l&rsquo;instruction publique, les raisons de cette interdiction d&rsquo;engager de nouveaux apprentis sont les suivantes: \u00abdes difficult\u00e9s constat\u00e9es dans le fonctionnement de 3Sheds et dans les conditions de formation\u00bb. La mesure \u00abvisait \u00e0 ne pas exposer de nouveaux jeunes \u00e0 une situation de formation qui pr\u00e9sentait d\u00e9j\u00e0 des difficult\u00e9s et \u00e0 pr\u00e9server la qualit\u00e9 de leur formation\u00bb. En revanche, rien n&rsquo;obligeait 3Sheds \u00e0 cesser son activit\u00e9, affirme le DIP.<\/p>\n<p class=\"sc-6d297a98-4 fjxCDh\">Une fili\u00e8re forte de 114 apprentis<\/p>\n<p>\u00c0 la rentr\u00e9e 2026\/2027, Gen\u00e8ve comptait 96 apprentis m\u00e9diamaticiens (seize sous contrat avec 3Sheds) et 18 apprentis d\u00e9veloppeurs en business num\u00e9rique DBN (12 avec 3Sheds), toutes ann\u00e9es confondues. Ils sont int\u00e9gr\u00e9s \u00e0 43 entreprises formatrices en m\u00e9diamatique, et \u00e0 six entreprises formatrices DBN.<\/p>\n<p type=\"textBlockArray\" class=\"sc-96fb0400-2 bwOXSg\">3Sheds rencontre aussi des soucis \u00e9conomiques dans le canton de Vaud, o\u00f9 une autre d\u00e9b\u00e2cle est en cours (lire l&rsquo;encadr\u00e9). La formation d\u2019une cinquantaine d\u2019apprentis m\u00e9diamaticiens y est menac\u00e9e, comme l&rsquo;a r\u00e9v\u00e9l\u00e9 \u00ab<a target=\"_blank\" href=\"https:\/\/www.limpertinentmedia.com\/infos\" rel=\"noopener noreferrer nofollow\">L&rsquo;impertinent<\/a>\u00bb. En toile de fond, cette fois, l\u2019association 3Sheds Vaud &#8211; \u00abune entit\u00e9 juridique distincte\u00bb de sa cousine genevoise, insiste fortement Olivier Poletti.<\/p>\n<p type=\"textBlockArray\" class=\"sc-96fb0400-2 bwOXSg\">Alors que le canton de Vaud dit avoir scrut\u00e9 \u00abau cours des derniers mois\u00bb l&rsquo;activit\u00e9 de 3Sheds, le DIP genevois, lui, indique que \u00ables premi\u00e8res difficult\u00e9s ont \u00e9t\u00e9 remont\u00e9es \u00e0 l&rsquo;OFPC au mois de mars 2026. D\u00e8s lors, l&rsquo;office a pris plusieurs mesures afin de pr\u00e9server autant que possible les parcours de formation des jeunes engag\u00e9s au sein de 3Sheds.\u00bb<\/p>\n<p><img loading=\"lazy\" decoding=\"async\" src=\"https:\/\/www.europesays.com\/ch-fr\/wp-content\/uploads\/2026\/09\/364fb5d3-cdd5-4394-b5c2-a6a330927415.png\" alt=\"Le p\u00f4le de formation professionnelle Spark, dans la zone industrielle de Plan-les-Ouates, abrite le centre de formation de 3Sheds, ainsi que de tr\u00e8s nombreux autres acteurs et apprentis.\" title=\"Le p\u00f4le de formation professionnelle Spark, dans la zone industrielle de Plan-les-Ouates, abrite le centre de formation de 3Sheds, ainsi que de tr\u00e8s nombreux autres acteurs et apprentis.\"  width=\"1159\" height=\"688\"\/>Le p\u00f4le de formation professionnelle Spark, dans la zone industrielle de Plan-les-Ouates, abrite le centre de formation de 3Sheds, ainsi que de tr\u00e8s nombreux autres acteurs et apprentis.Google<\/p>\n<p>Formation critiqu\u00e9e mais CFC r\u00e9ussis<\/p>\n<p type=\"textBlockArray\" class=\"sc-96fb0400-2 bwOXSg\">Les raisons exactes de cette double d\u00e9route sont ardues \u00e0 isoler. \u00ab<a target=\"_blank\" href=\"https:\/\/www.limpertinentmedia.com\/infos\" rel=\"noopener noreferrer nofollow\">L&rsquo;impertinent<\/a>\u00bb a r\u00e9colt\u00e9 plusieurs t\u00e9moignages d&rsquo;apprentis des deux cantons jugeant la formation dispens\u00e9e par 3Sheds bancale, car largement bas\u00e9e sur l&rsquo;apprentissage par les pairs (les apprentis les plus anciens transmettent leurs connaissances aux plus jeunes) et les tutos YouTube. Olivier Poletti d\u00e9fend son mod\u00e8le p\u00e9dagogique et balaie les critiques. Il souligne \u00abl&rsquo;absence d&rsquo;\u00e9chec au CFC parmi les candidats\u00bb\u00a0form\u00e9s par 3Sheds Vaud et Gen\u00e8ve \u00abau cours des dix derni\u00e8res ann\u00e9es\u00bb, \u00e9voquant \u00abplus de 350 jeunes ayant obtenu leur premier titre professionnel au sein de nos associations\u00bb. Sur ce point, le DIP confirme que \u00ables personnes qui ont obtenu leur CFC jusqu&rsquo;\u00e0 pr\u00e9sent ont satisfait aux exigences fix\u00e9es au niveau f\u00e9d\u00e9ral. Leur parcours de formation et les comp\u00e9tences acquises ne sont donc pas remis en question.\u00bb<\/p>\n<p type=\"textBlockArray\" class=\"sc-96fb0400-2 bwOXSg\">Mi-ao\u00fbt, le canton de Vaud indiquait \u00e0 \u00ab<a target=\"_blank\" href=\"https:\/\/www.limpertinentmedia.com\/infos\" rel=\"noopener noreferrer nofollow\">L&rsquo;impertinent<\/a>\u00bb avoir trouv\u00e9 des solutions ou \u00eatre en train d&rsquo;en identifier pour une vingtaine des cinquante apprentis concern\u00e9s. Mardi, le DIP genevois d\u00e9clarait que seuls deux des 28 apprentis que 3Sheds n&rsquo;a plus le droit de former avaient \u00e0 ce jour retrouv\u00e9 une entreprise formatrice.<\/p>\n<p class=\"sc-6d297a98-4 fjxCDh\">Vaud a tranch\u00e9 dans le vif<\/p>\n<p>L\u2019\u00c9tat de Vaud a d\u00e9nonc\u00e9 mi-juin la convention le liant \u00e0 la fa\u00eeti\u00e8re des m\u00e9diamaticiens romands (ICT-MR), qui g\u00e8re les cours interentreprises. Leur ex\u00e9cution a \u00e9t\u00e9 d\u00e9l\u00e9gu\u00e9e \u00e0 \u00abCyberyades Sarl et l\u2019Association 3Sheds\u00bb, stipule le courrier du canton. Ce dernier a examin\u00e9 \u00abla situation d\u00e9coulant des difficult\u00e9s rencontr\u00e9es\u00bb par 3Sheds. Il en conclut que \u00abdes risques significatifs\u00bb p\u00e8sent sur sa \u00abcapacit\u00e9 \u00e0 assurer durablement\u00bb cette formation. Olivier Poletti, lui, juge cette appr\u00e9ciation sans objet: il conteste que 3Sheds ait \u00e9t\u00e9 un prestataire de la fa\u00eeti\u00e8re, invoquant \u00abune confusion administrative majeure\u00bb &#8211; l\u2019\u00c9tat, lui, maintient sa position, documents de la fa\u00eeti\u00e8re \u00e0 l\u2019appui.<\/p>\n<p><a href=\"https:\/\/www.20min.ch\/fr\/auteurs\/71956806\/jerome-faas\" rel=\"nofollow noopener\" target=\"_blank\"><img decoding=\"async\" alt=\"J\u00e9r\u00f4me Faas\" src=\"https:\/\/www.europesays.com\/ch-fr\/wp-content\/uploads\/2026\/09\/1788595094_348_e55c0ef9-a8e1-49d2-81f8-dbbfed305847.jpeg\" class=\"sc-4c39d813-1 hkoNGh\"\/><\/a><\/p>\n<p class=\"sc-f19a47c0-1 jKqFcj\">J\u00e9r\u00f4me Faas (jef), n\u00e9 en 1976, est journaliste et responsable adjoint de la rubrique R\u00e9gions de 20 Minutes, titre qu&rsquo;il a rejoint en 2012.<\/p>\n","protected":false},"excerpt":{"rendered":"Les m\u00e9diamaticiens sont des g\u00e9n\u00e9ralistes \u00e0 l&rsquo;aise en informatique, en multim\u00e9dia, en marketing et en communication.Getty Images\/Maskot Le&hellip;\n","protected":false},"author":2,"featured_media":292693,"comment_status":"","ping_status":"","sticky":false,"template":"","format":"standard","meta":{"footnotes":"","_share_on_mastodon":"0"},"categories":[7],"tags":[61,57,59,58,23,60,62],"class_list":["post-292692","post","type-post","status-publish","format-standard","has-post-thumbnail","category-sciences-et-technologies","tag-science","tag-science-and-technology","tag-sciences","tag-sciences-et-technologies","tag-suisse","tag-technologies","tag-technology"],"share_on_mastodon":{"url":"https:\/\/pubeurope.com\/@ch_fr\/117217375526992565","error":""},"_links":{"self":[{"href":"https:\/\/www.europesays.com\/ch-fr\/wp-json\/wp\/v2\/posts\/292692","targetHints":{"allow":["GET"]}}],"collection":[{"href":"https:\/\/www.europesays.com\/ch-fr\/wp-json\/wp\/v2\/posts"}],"about":[{"href":"https:\/\/www.europesays.com\/ch-fr\/wp-json\/wp\/v2\/types\/post"}],"author":[{"embeddable":true,"href":"https:\/\/www.europesays.com\/ch-fr\/wp-json\/wp\/v2\/users\/2"}],"replies":[{"embeddable":true,"href":"https:\/\/www.europesays.com\/ch-fr\/wp-json\/wp\/v2\/comments?post=292692"}],"version-history":[{"count":0,"href":"https:\/\/www.europesays.com\/ch-fr\/wp-json\/wp\/v2\/posts\/292692\/revisions"}],"wp:featuredmedia":[{"embeddable":true,"href":"https:\/\/www.europesays.com\/ch-fr\/wp-json\/wp\/v2\/media\/292693"}],"wp:attachment":[{"href":"https:\/\/www.europesays.com\/ch-fr\/wp-json\/wp\/v2\/media?parent=292692"}],"wp:term":[{"taxonomy":"category","embeddable":true,"href":"https:\/\/www.europesays.com\/ch-fr\/wp-json\/wp\/v2\/categories?post=292692"},{"taxonomy":"post_tag","embeddable":true,"href":"https:\/\/www.europesays.com\/ch-fr\/wp-json\/wp\/v2\/tags?post=292692"}],"curies":[{"name":"wp","href":"https:\/\/api.w.org\/{rel}","templated":true}]}}