{"id":292712,"date":"2026-09-05T08:13:11","date_gmt":"2026-09-05T08:13:11","guid":{"rendered":"https:\/\/www.europesays.com\/ch-fr\/292712\/"},"modified":"2026-09-05T08:13:11","modified_gmt":"2026-09-05T08:13:11","slug":"serge-joncour-entre-romantisme-et-ecologie-dans-une-histoire-damours","status":"publish","type":"post","link":"https:\/\/www.europesays.com\/ch-fr\/292712\/","title":{"rendered":"Serge Joncour entre romantisme et \u00e9cologie dans &lsquo;Une histoire d&rsquo;amours&rsquo;"},"content":{"rendered":"<p>Avec &lsquo;Une histoire d&rsquo;amours&rsquo;, Serge Joncour signe un roman ample o\u00f9 se croisent deux r\u00e9cits s\u00e9par\u00e9s de deux si\u00e8cles entre les marais du Morvan, les bouleversements du rapport \u00e0 la nature et les passions contrari\u00e9es. L&rsquo;\u00e9crivain est pr\u00e9sent au festival Le livre sur les quais \u00e0 Morges ce 5 septembre.<\/p>\n<p>Dans &lsquo;Une histoire d&rsquo;amours&rsquo;, Serge Joncour met en sc\u00e8ne Franck et L\u00e9a, un couple de quadrag\u00e9naires qui quitte une vie de citadins en r\u00e9gion parisienne pour s&rsquo;installer dans la Ni\u00e8vre avec leurs deux enfants. Un choix de vie devenu courant depuis quelques ann\u00e9es, mais dont l&rsquo;auteur s&rsquo;attache \u00e0 montrer les ambigu\u00eft\u00e9s. \u00ab\u00a0Il y a un vrai clivage. Campagne, ville, on pourrait dire dehors, dedans. Et moi, je suis un \u00e9crivain du dehors. J&rsquo;aime bien que mes personnages soient dehors, pas trop en appartement\u00a0\u00bb, explique l&rsquo;auteur dans l&rsquo;\u00e9mission Vertigo du 31 ao\u00fbt.<\/p>\n<p>Le roman suit ainsi les pas de ces n\u00e9oruraux venus chercher une existence plus proche de la nature. Une qu\u00eate qui ne produit pourtant pas les m\u00eames effets sur tous les membres de la famille. Si Franck et les enfants s&rsquo;acclimatent rapidement \u00e0 leur nouvel environnement, L\u00e9a peine \u00e0 trouver son \u00e9quilibre entre t\u00e9l\u00e9travail, d\u00e9placements professionnels et isolement rural: \u00ab\u00a0On appelle \u00e7a les navetteurs. Ce sont des gens qui font le choix d&rsquo;habiter \u00e0 la campagne, mais de continuer de travailler en ville.\u00a0C&rsquo;est une sorte de schizophr\u00e9nie tr\u00e8s courageuse et assez magnifique\u00a0\u00bb.<\/p>\n<p>La nature au c\u0153ur du r\u00e9cit<\/p>\n<p>Comme souvent chez Serge Joncour, le d\u00e9cor n&rsquo;est pas un simple arri\u00e8re-plan. Les marais et zones humides du Morvan deviennent ici de v\u00e9ritables personnages. L&rsquo;auteur y d\u00e9ploie une r\u00e9flexion sur l&rsquo;\u00e9volution de notre relation \u00e0 la nature.<\/p>\n<p>Les enfants du roman incarnent notamment ce regard nouveau port\u00e9 sur l&rsquo;environnement. \u00ab\u00a0Je pense \u00e0 une nouvelle g\u00e9n\u00e9ration qui a ce regard-l\u00e0 sur la nature et sur sa fragilit\u00e9\u00a0\u00bb, souligne l&rsquo;\u00e9crivain. Lui-m\u00eame reconna\u00eet que sa perception des paysages de son enfance a profond\u00e9ment chang\u00e9: \u00ab\u00a0Enfant, je savais la nature plus forte que moi. Les for\u00eats semblaient \u00e9ternelles. (\u2026) Mon regard sur ces arbres-l\u00e0 a compl\u00e8tement chang\u00e9. C&rsquo;est-\u00e0-dire que je m&rsquo;en sens maintenant responsable. Et je les vois souffrir\u00a0\u00bb.<\/p>\n<p>Quand la science se heurte aux croyances<\/p>\n<p>Cette sensibilit\u00e9 \u00e9cologique contemporaine dialogue avec un second r\u00e9cit situ\u00e9 en 1824. Dans cette m\u00eame r\u00e9gion travers\u00e9e par les mar\u00e9cages, Jos\u00e9phine, fille d&rsquo;un ch\u00e2telain local, tombe amoureuse de Rodolphe, un officier de sant\u00e9 revenu des guerres napol\u00e9oniennes.<\/p>\n<p>A travers le personnage de Rodolphe, Serge Joncour met en sc\u00e8ne les d\u00e9buts difficiles de la m\u00e9decine moderne dans les campagnes fran\u00e7aises. Porteur d&rsquo;id\u00e9es nouvelles sur l&rsquo;hygi\u00e8ne et la pr\u00e9vention, l&rsquo;officier de sant\u00e9 doit affronter les superstitions et la m\u00e9fiance de la population.<\/p>\n<p>Cette confrontation entre savoir scientifique et croyances populaires r\u00e9sonne avec des d\u00e9bats contemporains. \u00ab\u00a0Par certains aspects, aujourd&rsquo;hui, je peux retrouver cette m\u00e9fiance-l\u00e0. C&rsquo;est \u00e7a qui est un peu affolant\u00a0\u00bb, observe Serge Joncour, en \u00e9voquant notamment les contestations actuelles envers la science ou la vaccination.<\/p>\n<p>Le romantisme revendiqu\u00e9<\/p>\n<p>L&rsquo;origine du roman se trouve dans un lieu bien r\u00e9el: un ch\u00e2teau de la Ni\u00e8vre que l&rsquo;\u00e9crivain conna\u00eet depuis l&rsquo;enfance. Longtemps laiss\u00e9 \u00e0 l&rsquo;abandon avant d&rsquo;\u00eatre restaur\u00e9, il a nourri son imagination. \u00ab\u00a0Pour \u00e9crire un roman, j&rsquo;ai besoin d&rsquo;un lieu avant tout.\u00a0\u00bb<\/p>\n<p>A partir de ce d\u00e9cor charg\u00e9 d&rsquo;histoire, Serge Joncour construit un r\u00e9cit o\u00f9 les destins individuels se r\u00e9pondent \u00e0 travers les si\u00e8cles. Les amours contrari\u00e9es de Jos\u00e9phine et Rodolphe font ainsi \u00e9cho aux fragilit\u00e9s du couple form\u00e9 par Franck et L\u00e9a.<\/p>\n<p>Avec ses passions impossibles, ses paysages sauvages et ses destin\u00e9es contrari\u00e9es, &lsquo;Une histoire d&rsquo;amours&rsquo; est sans doute l&rsquo;un des romans les plus r\u00e9solument romantiques de Serge Joncour. Un choix assum\u00e9 par l&rsquo;\u00e9crivain, qui situe une partie de son intrigue au moment m\u00eame o\u00f9 triomphe le romantisme litt\u00e9raire en France.<\/p>\n<p class=\"sources\">Propos recueillis par Anne Laure Gannac<\/p>\n<p class=\"credit\">Adaptation web: S\u00e9bastien Foggiato<\/p>\n<p class=\"article-footnote\">Serge Joncour, &lsquo;Une histoire d&rsquo;amours&rsquo;, \u00e9ditions Albin Michel, ao\u00fbt 2026.<\/p>\n<p class=\"article-footnote\">Serge Joncour est pr\u00e9sent au festival Le livre sur les quais \u00e0 Morges pour une discussion avec l&rsquo;autrice Estelle-Sarah Bulle autour du th\u00e8me &lsquo;Les vertiges de l&rsquo;amour&rsquo;, le 5 septembre 2026 \u00e0 10h30 au D\u00e9barcad\u00e8re.<\/p>\n","protected":false},"excerpt":{"rendered":"Avec &lsquo;Une histoire d&rsquo;amours&rsquo;, Serge Joncour signe un roman ample o\u00f9 se croisent deux r\u00e9cits s\u00e9par\u00e9s de deux&hellip;\n","protected":false},"author":2,"featured_media":292713,"comment_status":"","ping_status":"","sticky":false,"template":"","format":"standard","meta":{"footnotes":"","_share_on_mastodon":"0"},"categories":[10],"tags":[380,736,113,5558,164,112,650,303,389,214,304,1810,26,63800,23,8661],"class_list":["post-292712","post","type-post","status-publish","format-standard","has-post-thumbnail","category-divertissement","tag-arts-et-divertissement","tag-campagne","tag-divertissement","tag-ecrivain","tag-enfant","tag-entertainment","tag-festival","tag-histoire","tag-litterature","tag-livres","tag-nature","tag-recit","tag-roman","tag-serge-joncour","tag-suisse","tag-urgence"],"share_on_mastodon":{"url":"https:\/\/pubeurope.com\/@ch_fr\/117217434646009067","error":""},"_links":{"self":[{"href":"https:\/\/www.europesays.com\/ch-fr\/wp-json\/wp\/v2\/posts\/292712","targetHints":{"allow":["GET"]}}],"collection":[{"href":"https:\/\/www.europesays.com\/ch-fr\/wp-json\/wp\/v2\/posts"}],"about":[{"href":"https:\/\/www.europesays.com\/ch-fr\/wp-json\/wp\/v2\/types\/post"}],"author":[{"embeddable":true,"href":"https:\/\/www.europesays.com\/ch-fr\/wp-json\/wp\/v2\/users\/2"}],"replies":[{"embeddable":true,"href":"https:\/\/www.europesays.com\/ch-fr\/wp-json\/wp\/v2\/comments?post=292712"}],"version-history":[{"count":0,"href":"https:\/\/www.europesays.com\/ch-fr\/wp-json\/wp\/v2\/posts\/292712\/revisions"}],"wp:featuredmedia":[{"embeddable":true,"href":"https:\/\/www.europesays.com\/ch-fr\/wp-json\/wp\/v2\/media\/292713"}],"wp:attachment":[{"href":"https:\/\/www.europesays.com\/ch-fr\/wp-json\/wp\/v2\/media?parent=292712"}],"wp:term":[{"taxonomy":"category","embeddable":true,"href":"https:\/\/www.europesays.com\/ch-fr\/wp-json\/wp\/v2\/categories?post=292712"},{"taxonomy":"post_tag","embeddable":true,"href":"https:\/\/www.europesays.com\/ch-fr\/wp-json\/wp\/v2\/tags?post=292712"}],"curies":[{"name":"wp","href":"https:\/\/api.w.org\/{rel}","templated":true}]}}