{"id":292716,"date":"2026-09-05T08:15:13","date_gmt":"2026-09-05T08:15:13","guid":{"rendered":"https:\/\/www.europesays.com\/ch-fr\/292716\/"},"modified":"2026-09-05T08:15:13","modified_gmt":"2026-09-05T08:15:13","slug":"tsitsipas-en-8es-de-finale-a-new-york-une-premiere","status":"publish","type":"post","link":"https:\/\/www.europesays.com\/ch-fr\/292716\/","title":{"rendered":"Tsitsipas en 8es de finale \u00e0 New York, une premi\u00e8re"},"content":{"rendered":"<p class=\"wysiwyg-h2\">Stefanos Tsitsipas semble de retour aux affaires. Le Grec, ex-no 3 mondial et vainqueur du dernier Open de Gstaad, s&rsquo;est hiss\u00e9 pour la premi\u00e8re fois en 8es de finale \u00e0 l&rsquo;US Open.<\/p>\n<p>Tombeur du Fran\u00e7ais Arthur Fils au 1er tour, Stefanos Tsitsipas a dispos\u00e9 d&rsquo;une deuxi\u00e8me t\u00eate de s\u00e9rie vendredi. Il a battu le Tch\u00e8que Jiri Lehecka (ATP 19) 2-6 6-1 7-6 (7\/3) 6-1. Tomb\u00e9 au-del\u00e0 de la 50e place mondiale (53e), il atteint ce stade en Grand Chelem pour la premi\u00e8re fois depuis plus de deux ans (Roland-Garros 2024).<\/p>\n<p>Les d\u00e9bats avaient pourtant plut\u00f4t mal d\u00e9marr\u00e9 pour Stefanos Tsitsipas. Mais il a rapidement retrouv\u00e9 le fil du jeu qui lui avait permis de cr\u00e9er la surprise en ouverture face \u00e0 Arthur Fils (ATP 11) lundi. Solide sur son service mais aussi en retour, le double finaliste en Grand Chelem a sembl\u00e9 ma\u00eetriser son sujet.<\/p>\n<p>Le Grec a multipli\u00e9 les longs \u00e9changes avec Jiri Lehecka, soudain moins \u00e0 l&rsquo;aise dans ce registre. Parfois dominateur, il n&rsquo;a commis que huit fautes directes sur les deuxi\u00e8me et quatri\u00e8me sets, quasiment devenus des formalit\u00e9s. Et il a domin\u00e9 les d\u00e9bats dans le tie-break de la troisi\u00e8me manche, sous les vivats du public.<\/p>\n<p>&lsquo;Une magnifique atmosph\u00e8re&rsquo;<\/p>\n<p>&lsquo;Je n&rsquo;ai jamais eu droit \u00e0 ces encouragements \u00e0 New York, les gars&rsquo;, s&rsquo;est enthousiasm\u00e9 lors d&rsquo;une interview sur le court l&rsquo;int\u00e9ress\u00e9, qui d\u00e9fiera au 4e tour le gaucher am\u00e9ricain Ben Shelton (ATP 9). &lsquo;Vous \u00eates ph\u00e9nom\u00e9naux. Quelle belle soir\u00e9e \u00e9lectrique.&rsquo;<\/p>\n<p>Stefanos Tsitsipas a salu\u00e9 l&rsquo;apport r\u00e9cent du coach Patrick Mouratoglou, qui a rejoint son \u00e9quipe en remplacement de son p\u00e8re Apostolos, son coach historique dont il s&rsquo;est s\u00e9par\u00e9 en juin. Thomas Perrin, membre de la structure de Mouratoglou, le suit \u00e0 pr\u00e9sent au quotidien. &lsquo;Nous sommes en train de cr\u00e9er une magnifique atmosph\u00e8re&rsquo;, s&rsquo;est f\u00e9licit\u00e9 le Grec.<\/p>\n<p> \/ATS<\/p>\n","protected":false},"excerpt":{"rendered":"Stefanos Tsitsipas semble de retour aux affaires. Le Grec, ex-no 3 mondial et vainqueur du dernier Open de&hellip;\n","protected":false},"author":2,"featured_media":292717,"comment_status":"","ping_status":"","sticky":false,"template":"","format":"standard","meta":{"footnotes":"","_share_on_mastodon":"0"},"categories":[8],"tags":[121,124,128,119,122,123,118,136,132,131,133,130,135,120,126,117,125,114,115,116,75,23,129,127,134],"class_list":["post-292716","post","type-post","status-publish","format-standard","has-post-thumbnail","category-sports","tag-ajoie","tag-animation","tag-bienne","tag-delemont","tag-franches-montagnes","tag-frequence","tag-jura","tag-jura-bernois","tag-la-chaux-de-fonds","tag-moutier","tag-neuchatel","tag-neuveville","tag-payerne","tag-porrentruy","tag-publicite","tag-radio","tag-redaction","tag-rfj","tag-rjb","tag-rtn","tag-sports","tag-suisse","tag-tavannes","tag-vallon-de-st-imier","tag-yverdon"],"share_on_mastodon":{"url":"https:\/\/pubeurope.com\/@ch_fr\/117217442522409835","error":""},"_links":{"self":[{"href":"https:\/\/www.europesays.com\/ch-fr\/wp-json\/wp\/v2\/posts\/292716","targetHints":{"allow":["GET"]}}],"collection":[{"href":"https:\/\/www.europesays.com\/ch-fr\/wp-json\/wp\/v2\/posts"}],"about":[{"href":"https:\/\/www.europesays.com\/ch-fr\/wp-json\/wp\/v2\/types\/post"}],"author":[{"embeddable":true,"href":"https:\/\/www.europesays.com\/ch-fr\/wp-json\/wp\/v2\/users\/2"}],"replies":[{"embeddable":true,"href":"https:\/\/www.europesays.com\/ch-fr\/wp-json\/wp\/v2\/comments?post=292716"}],"version-history":[{"count":0,"href":"https:\/\/www.europesays.com\/ch-fr\/wp-json\/wp\/v2\/posts\/292716\/revisions"}],"wp:featuredmedia":[{"embeddable":true,"href":"https:\/\/www.europesays.com\/ch-fr\/wp-json\/wp\/v2\/media\/292717"}],"wp:attachment":[{"href":"https:\/\/www.europesays.com\/ch-fr\/wp-json\/wp\/v2\/media?parent=292716"}],"wp:term":[{"taxonomy":"category","embeddable":true,"href":"https:\/\/www.europesays.com\/ch-fr\/wp-json\/wp\/v2\/categories?post=292716"},{"taxonomy":"post_tag","embeddable":true,"href":"https:\/\/www.europesays.com\/ch-fr\/wp-json\/wp\/v2\/tags?post=292716"}],"curies":[{"name":"wp","href":"https:\/\/api.w.org\/{rel}","templated":true}]}}