{"id":292718,"date":"2026-09-05T08:16:11","date_gmt":"2026-09-05T08:16:11","guid":{"rendered":"https:\/\/www.europesays.com\/ch-fr\/292718\/"},"modified":"2026-09-05T08:16:11","modified_gmt":"2026-09-05T08:16:11","slug":"jvmag-razer-clio-x-un-coussin-avec-haut-parleurs-qui-transforme-votre-chaise-gaming-en-systeme-surround","status":"publish","type":"post","link":"https:\/\/www.europesays.com\/ch-fr\/292718\/","title":{"rendered":"JVMag \u2013 Razer Clio X : un coussin avec haut-parleurs qui transforme votre chaise gaming en syst\u00e8me surround"},"content":{"rendered":"<p>C\u2019est durant la PAX West \u00e9diton 2026 que le fabricant Razer a d\u00e9voil\u00e9 le Clio X, un coussin de t\u00eate qui transforme votre fauteuil gaming en syst\u00e8me surround. <\/p>\n<p><a href=\"https:\/\/i0.wp.com\/jvmag.ch\/wp-content\/uploads\/2026\/09\/image-20.png?ssl=1\" rel=\"nofollow noopener\" target=\"_blank\"><img loading=\"lazy\" data-recalc-dims=\"1\" decoding=\"async\" width=\"729\" height=\"385\" src=\"https:\/\/www.europesays.com\/ch-fr\/wp-content\/uploads\/2026\/09\/image-20.png\" alt=\"Razer Clio X : un coussin avec haut-parleurs qui transforme votre chaise gaming en syst\u00e8me surround\" class=\"wp-image-116531\" style=\"width:780px;height:auto\"  \/><\/a><\/p>\n<p>Le concept est simple et malin \u00e0 la fois. Un coussin de t\u00eate sans fil avec haut-parleurs int\u00e9gr\u00e9s, qui s\u2019installe sur n\u2019importe quelle chaise gaming \u00e0 dossier haut pour ajouter un son surround arri\u00e8re.<\/p>\n<p>Le Clio X comprend deux haut-parleurs large bande de 38 mm et deux radiateurs passifs de 55 mm orient\u00e9s directement vers les oreilles. Le tout est coupl\u00e9 \u00e0 la technologie THX Spatial Audio. Ce qui permet une sc\u00e8ne sonore plus large et plus r\u00e9aliste pour les jeux, les films et la musique. De plus, la conception au niveau de la t\u00eate apporte une perception spatiale plus pr\u00e9cise.<\/p>\n<p><img data-recalc-dims=\"1\" loading=\"lazy\" decoding=\"async\" width=\"768\" height=\"472\" src=\"https:\/\/www.europesays.com\/ch-fr\/wp-content\/uploads\/2026\/09\/image-19.png\" alt=\"Razer Clio X : un coussin avec haut-parleurs qui transforme votre chaise gaming en syst\u00e8me surround\" class=\"wp-image-116529\"  \/><\/p>\n<p>C\u00f4t\u00e9 connectivit\u00e9, le Clio X fonctionne en sans fil 2,4 GHz via la technologie HyperSpeed pour une latence ultra-faible. Il se branche sur n\u2019importe quelle batterie externe USB-C PD 2.0 (non incluse) pour une autonomie annonc\u00e9e de 40 heures. Un c\u00e2ble USB-C int\u00e9gr\u00e9 se range dans une pochette arri\u00e8re pour garder le setup propre.<\/p>\n<p><a href=\"https:\/\/i0.wp.com\/jvmag.ch\/wp-content\/uploads\/2026\/09\/2026_Clio-X-with-built-in-cable.png?ssl=1\" rel=\"nofollow noopener\" target=\"_blank\"><img data-recalc-dims=\"1\" loading=\"lazy\" decoding=\"async\" width=\"768\" height=\"512\" src=\"https:\/\/www.europesays.com\/ch-fr\/wp-content\/uploads\/2026\/09\/2026_Clio-X-with-built-in-cable.png\" alt=\"Razer Clio X : un coussin avec haut-parleurs qui transforme votre chaise gaming en syst\u00e8me surround\" class=\"wp-image-116525\"  \/><\/a><\/p>\n<p>La sangle en nylon r\u00e9glable de 30 \u00e0 65 cm assure la compatibilit\u00e9 avec la grande majorit\u00e9 des chaises gaming. Le coussin peut fonctionner seul comme source audio principale, ou \u00e0 une barre de son 2.0\/2.1 en mode surround.<\/p>\n<p><a href=\"https:\/\/i0.wp.com\/jvmag.ch\/wp-content\/uploads\/2026\/09\/2026_Clio-X-on-Iskur-V2-NewGen-2.png?ssl=1\" rel=\"nofollow noopener\" target=\"_blank\"><img data-recalc-dims=\"1\" loading=\"lazy\" decoding=\"async\" width=\"768\" height=\"432\" src=\"https:\/\/www.europesays.com\/ch-fr\/wp-content\/uploads\/2026\/09\/2026_Clio-X-on-Iskur-V2-NewGen-2.png\" alt=\"Razer Clio X : un coussin avec haut-parleurs qui transforme votre chaise gaming en syst\u00e8me surround\" class=\"wp-image-116528\"  \/><\/a><\/p>\n<p>Le Razer Clio X est disponible d\u00e8s maintenant sur la<a href=\"https:\/\/www.razer.com\/fr-fr\/gaming-chairs-accessories\/razer-clio-x?srsltid=AfmBOoq6Mio0VaBk8hk9KcWli5FfhDkMkWZWY218FeX0-uOTAFIf9aGa\" rel=\"nofollow noopener\" target=\"_blank\"> boutique en ligne <\/a>du fabricant au prix de 109,99 euros.<\/p>\n","protected":false},"excerpt":{"rendered":"C\u2019est durant la PAX West \u00e9diton 2026 que le fabricant Razer a d\u00e9voil\u00e9 le Clio X, un coussin&hellip;\n","protected":false},"author":2,"featured_media":292719,"comment_status":"","ping_status":"","sticky":false,"template":"","format":"standard","meta":{"footnotes":"","_share_on_mastodon":"0"},"categories":[7],"tags":[61,57,59,58,23,60,62],"class_list":["post-292718","post","type-post","status-publish","format-standard","has-post-thumbnail","category-sciences-et-technologies","tag-science","tag-science-and-technology","tag-sciences","tag-sciences-et-technologies","tag-suisse","tag-technologies","tag-technology"],"share_on_mastodon":{"url":"https:\/\/pubeurope.com\/@ch_fr\/117217446829314681","error":""},"_links":{"self":[{"href":"https:\/\/www.europesays.com\/ch-fr\/wp-json\/wp\/v2\/posts\/292718","targetHints":{"allow":["GET"]}}],"collection":[{"href":"https:\/\/www.europesays.com\/ch-fr\/wp-json\/wp\/v2\/posts"}],"about":[{"href":"https:\/\/www.europesays.com\/ch-fr\/wp-json\/wp\/v2\/types\/post"}],"author":[{"embeddable":true,"href":"https:\/\/www.europesays.com\/ch-fr\/wp-json\/wp\/v2\/users\/2"}],"replies":[{"embeddable":true,"href":"https:\/\/www.europesays.com\/ch-fr\/wp-json\/wp\/v2\/comments?post=292718"}],"version-history":[{"count":0,"href":"https:\/\/www.europesays.com\/ch-fr\/wp-json\/wp\/v2\/posts\/292718\/revisions"}],"wp:featuredmedia":[{"embeddable":true,"href":"https:\/\/www.europesays.com\/ch-fr\/wp-json\/wp\/v2\/media\/292719"}],"wp:attachment":[{"href":"https:\/\/www.europesays.com\/ch-fr\/wp-json\/wp\/v2\/media?parent=292718"}],"wp:term":[{"taxonomy":"category","embeddable":true,"href":"https:\/\/www.europesays.com\/ch-fr\/wp-json\/wp\/v2\/categories?post=292718"},{"taxonomy":"post_tag","embeddable":true,"href":"https:\/\/www.europesays.com\/ch-fr\/wp-json\/wp\/v2\/tags?post=292718"}],"curies":[{"name":"wp","href":"https:\/\/api.w.org\/{rel}","templated":true}]}}