{"id":292728,"date":"2026-09-05T08:22:12","date_gmt":"2026-09-05T08:22:12","guid":{"rendered":"https:\/\/www.europesays.com\/ch-fr\/292728\/"},"modified":"2026-09-05T08:22:12","modified_gmt":"2026-09-05T08:22:12","slug":"super-league-le-lausanne-sport-se-deplace-a-vaduz","status":"publish","type":"post","link":"https:\/\/www.europesays.com\/ch-fr\/292728\/","title":{"rendered":"Super League: Le Lausanne-Sport se d\u00e9place \u00e0 Vaduz"},"content":{"rendered":"<p class=\"wysiwyg-h2\">Le Lausanne-Sport se rend \u00e0 Vaduz samedi \u00e0 18h lors de la 7e journ\u00e9e de Super League. Face \u00e0 la lanterne rouge liechtensteinoise, l&rsquo;occasion est belle pour engranger un deuxi\u00e8me succ\u00e8s en championnat.<\/p>\n<p>Oppos\u00e9 \u00e0 un adversaire qu&rsquo;il n&rsquo;a plus affront\u00e9 depuis son dernier passage en Challenge League en 2022\/23, le LS (8e, 6 points) peut prendre des points pr\u00e9cieux face au n\u00e9o-promu (3 pts). Les hommes de Luka Elsner, qui restent sur quatre matches sans victoire, devront cependant progresser sur le plan offensif, eux qui n&rsquo;ont marqu\u00e9 que six buts en six journ\u00e9es.<\/p>\n<p>Dans les autres rencontres disput\u00e9es samedi, Young Boys vise les trois points face \u00e0 Lucerne au Wankdorf (18h). Deuxi\u00e8mes provisoires avec 14 points en 6 matches, les Bernois veulent garder le contact avec le leader Lugano, qui fait pour l&rsquo;heure un d\u00e9but de championnat parfait (cinq victoires en autant de rencontres). A 20h30 au Letzigrund, le FC Zurich (9e, 6 unit\u00e9s) rencontre l&rsquo;avant-dernier Grasshopper (4 pts) pour le premier derby de la Limmat de la saison.<\/p>\n<p> \/ATS<\/p>\n","protected":false},"excerpt":{"rendered":"Le Lausanne-Sport se rend \u00e0 Vaduz samedi \u00e0 18h lors de la 7e journ\u00e9e de Super League. Face&hellip;\n","protected":false},"author":2,"featured_media":292729,"comment_status":"","ping_status":"","sticky":false,"template":"","format":"standard","meta":{"footnotes":"","_share_on_mastodon":"0"},"categories":[19],"tags":[121,124,128,119,122,123,118,136,132,177,131,133,130,135,120,126,117,125,114,115,116,23,129,127,134],"class_list":["post-292728","post","type-post","status-publish","format-standard","has-post-thumbnail","category-lausanne","tag-ajoie","tag-animation","tag-bienne","tag-delemont","tag-franches-montagnes","tag-frequence","tag-jura","tag-jura-bernois","tag-la-chaux-de-fonds","tag-lausanne","tag-moutier","tag-neuchatel","tag-neuveville","tag-payerne","tag-porrentruy","tag-publicite","tag-radio","tag-redaction","tag-rfj","tag-rjb","tag-rtn","tag-suisse","tag-tavannes","tag-vallon-de-st-imier","tag-yverdon"],"share_on_mastodon":{"url":"https:\/\/pubeurope.com\/@ch_fr\/117217469618439088","error":""},"_links":{"self":[{"href":"https:\/\/www.europesays.com\/ch-fr\/wp-json\/wp\/v2\/posts\/292728","targetHints":{"allow":["GET"]}}],"collection":[{"href":"https:\/\/www.europesays.com\/ch-fr\/wp-json\/wp\/v2\/posts"}],"about":[{"href":"https:\/\/www.europesays.com\/ch-fr\/wp-json\/wp\/v2\/types\/post"}],"author":[{"embeddable":true,"href":"https:\/\/www.europesays.com\/ch-fr\/wp-json\/wp\/v2\/users\/2"}],"replies":[{"embeddable":true,"href":"https:\/\/www.europesays.com\/ch-fr\/wp-json\/wp\/v2\/comments?post=292728"}],"version-history":[{"count":0,"href":"https:\/\/www.europesays.com\/ch-fr\/wp-json\/wp\/v2\/posts\/292728\/revisions"}],"wp:featuredmedia":[{"embeddable":true,"href":"https:\/\/www.europesays.com\/ch-fr\/wp-json\/wp\/v2\/media\/292729"}],"wp:attachment":[{"href":"https:\/\/www.europesays.com\/ch-fr\/wp-json\/wp\/v2\/media?parent=292728"}],"wp:term":[{"taxonomy":"category","embeddable":true,"href":"https:\/\/www.europesays.com\/ch-fr\/wp-json\/wp\/v2\/categories?post=292728"},{"taxonomy":"post_tag","embeddable":true,"href":"https:\/\/www.europesays.com\/ch-fr\/wp-json\/wp\/v2\/tags?post=292728"}],"curies":[{"name":"wp","href":"https:\/\/api.w.org\/{rel}","templated":true}]}}