{"id":292730,"date":"2026-09-05T08:23:09","date_gmt":"2026-09-05T08:23:09","guid":{"rendered":"https:\/\/www.europesays.com\/ch-fr\/292730\/"},"modified":"2026-09-05T08:23:09","modified_gmt":"2026-09-05T08:23:09","slug":"union-neuchatel-se-rassure-face-a-bale-2","status":"publish","type":"post","link":"https:\/\/www.europesays.com\/ch-fr\/292730\/","title":{"rendered":"Union Neuch\u00e2tel se rassure face \u00e0 B\u00e2le"},"content":{"rendered":"<p>Une victoire qui fait du bien pour Union Neuch\u00e2tel. Les hommes de Mitar Trivunovic ont dispos\u00e9 de Starwings B\u00e2le, un autre club de Swiss Basketball League, 69-61 vendredi soir en match amical. La rencontre avait pourtant mal d\u00e9marr\u00e9 pour l&rsquo;\u00e9quipe de La Riveraine \u00e0 la Sportfabrique de Bienne. A la fin du premier quart, Union Neuch\u00e2tel \u00e9tait men\u00e9 14 \u00e0 21 par les B\u00e2lois. Mais c\u2019est le troisi\u00e8me quart qui a mis les choses au clair et vu les Neuch\u00e2telois passer l\u2019\u00e9paule. Une bonne mani\u00e8re de se rassurer avant la reprise du championnat, \u00e0 la fin du mois, qui d\u00e9butera contre les champions en titre, Fribourg Olympic.\u00a0<\/p>\n<p>D&rsquo;ici l\u00e0, Union Neuch\u00e2tel disputera encore trois matches de pr\u00e9paration. A commencer par un duel face \u00e0 Winterthour mercredi soir \u00e0 20h30 \u00e0 La Riveraine. \/bla<\/p>\n","protected":false},"excerpt":{"rendered":"Une victoire qui fait du bien pour Union Neuch\u00e2tel. Les hommes de Mitar Trivunovic ont dispos\u00e9 de Starwings&hellip;\n","protected":false},"author":2,"featured_media":292731,"comment_status":"","ping_status":"","sticky":false,"template":"","format":"standard","meta":{"footnotes":"","_share_on_mastodon":"0"},"categories":[18],"tags":[121,124,175,176,128,119,122,123,118,136,132,131,133,130,135,120,126,117,125,114,115,116,23,129,127,134],"class_list":["post-292730","post","type-post","status-publish","format-standard","has-post-thumbnail","category-bale","tag-ajoie","tag-animation","tag-bale","tag-basel","tag-bienne","tag-delemont","tag-franches-montagnes","tag-frequence","tag-jura","tag-jura-bernois","tag-la-chaux-de-fonds","tag-moutier","tag-neuchatel","tag-neuveville","tag-payerne","tag-porrentruy","tag-publicite","tag-radio","tag-redaction","tag-rfj","tag-rjb","tag-rtn","tag-suisse","tag-tavannes","tag-vallon-de-st-imier","tag-yverdon"],"share_on_mastodon":{"url":"https:\/\/pubeurope.com\/@ch_fr\/117217473533800219","error":""},"_links":{"self":[{"href":"https:\/\/www.europesays.com\/ch-fr\/wp-json\/wp\/v2\/posts\/292730","targetHints":{"allow":["GET"]}}],"collection":[{"href":"https:\/\/www.europesays.com\/ch-fr\/wp-json\/wp\/v2\/posts"}],"about":[{"href":"https:\/\/www.europesays.com\/ch-fr\/wp-json\/wp\/v2\/types\/post"}],"author":[{"embeddable":true,"href":"https:\/\/www.europesays.com\/ch-fr\/wp-json\/wp\/v2\/users\/2"}],"replies":[{"embeddable":true,"href":"https:\/\/www.europesays.com\/ch-fr\/wp-json\/wp\/v2\/comments?post=292730"}],"version-history":[{"count":0,"href":"https:\/\/www.europesays.com\/ch-fr\/wp-json\/wp\/v2\/posts\/292730\/revisions"}],"wp:featuredmedia":[{"embeddable":true,"href":"https:\/\/www.europesays.com\/ch-fr\/wp-json\/wp\/v2\/media\/292731"}],"wp:attachment":[{"href":"https:\/\/www.europesays.com\/ch-fr\/wp-json\/wp\/v2\/media?parent=292730"}],"wp:term":[{"taxonomy":"category","embeddable":true,"href":"https:\/\/www.europesays.com\/ch-fr\/wp-json\/wp\/v2\/categories?post=292730"},{"taxonomy":"post_tag","embeddable":true,"href":"https:\/\/www.europesays.com\/ch-fr\/wp-json\/wp\/v2\/tags?post=292730"}],"curies":[{"name":"wp","href":"https:\/\/api.w.org\/{rel}","templated":true}]}}