{"id":292744,"date":"2026-09-05T08:34:21","date_gmt":"2026-09-05T08:34:21","guid":{"rendered":"https:\/\/www.europesays.com\/ch-fr\/292744\/"},"modified":"2026-09-05T08:34:21","modified_gmt":"2026-09-05T08:34:21","slug":"le-el-primero-de-zenith-la-joue-solo","status":"publish","type":"post","link":"https:\/\/www.europesays.com\/ch-fr\/292744\/","title":{"rendered":"Le El Primero de Zenith la joue solo"},"content":{"rendered":"<p>\n    Nouvelle ligne au sein de la collection Chronomaster, la Solo Sport mise sur le calibre haute fr\u00e9quence El Primero d\u00e9clin\u00e9 en version trois aiguilles.<\/p>\n<p class=\"fig-paragraph\">Dans le plus grand secret, l\u2019horloger du Locle peaufinait ce lancement depuis plus de deux ans. Un \u00e9v\u00e9nement. Avec la Chronomaster Solo Sport, d\u00e9clinaison de sa ligne Chronomaster (lanc\u00e9e en 2021), Zenith compte faire entendre sa voix singuli\u00e8re sur le segment tr\u00e8s concurrentiel de la montre de sport ronde \u00e9l\u00e9gante \u00e0 bracelet int\u00e9gr\u00e9 unisexe\u00a0: le plus dynamique de l\u2019horlogerie de luxe. \u00ab Le but \u00e9tait de lancer un produit avec un fort contenu horloger, un parti pris et une esth\u00e9tique au-dessous de notre prix moyen, confirme Romain Marietta, directeur produit de la marque. C\u2019est compl\u00e9mentaire avec ce que nous faisons sur la G.F.J., qui se vend extr\u00eamement bien sur un positionnement de prix tr\u00e8s diff\u00e9rent.\u00a0\u00bb Et Beno\u00eet de Clerck, CEO de Zenith de souligner\u00a0: \u00ab Il \u00e9tait important de rester dans ces prix car Zenith monte en gamme. Nous avons besoin d\u2019un segment d\u2019entr\u00e9e dans le luxe et dans la marque.\u00a0\u00bb\u00a0<\/p>\n<p>    Zenith Chronomaster Solo Sport<br \/>\n                Zenith<\/p>\n<p class=\"fig-paragraph\">Cette montre propos\u00e9e \u00e0 partir de 9500 euros revendique le c\u00e9l\u00e8bre calibre El Primero, premier chronographe automatique int\u00e9gr\u00e9 fonctionnant sur une fr\u00e9quence de 5 Hz, dont la renomm\u00e9e, depuis 1969, a largement d\u00e9pass\u00e9 le cercle des collectionneurs. \u00ab Aujourd\u2019hui, peu de marques font des montres haute fr\u00e9quence dans cette gamme de prix, insiste Beno\u00eet de Clerck. C\u2019est un signe de cr\u00e9dibilit\u00e9 horlog\u00e8re.\u00a0\u00bb<\/p>\n<p>    Zenith Chronomaster Solo Sport<br \/>\n                Zenith<\/p>\n<p>                                            <a class=\"fig-a11y-skip\" href=\"#fig-a11y-skip-main-inarticle\" is=\"fig-a11y-skip\" data-trigger-mode=\"visible-once\"><br \/>\n    Passer la publicit\u00e9<br \/>\n<\/a>            <\/p>\n<p>Une histoire, une singularit\u00e9<\/p>\n<p class=\"fig-paragraph\">D\u00e9clin\u00e9 en version trois aiguilles, le calibre El Primero 3620 propulse la collection Chronomaster dans une nouvelle dimension horlog\u00e8re \u00e0 la fr\u00e9quence de 36\u00a0000 alternances par heure. Plus petite, plus fine et plus \u00e9l\u00e9gante avec sa bo\u00eete de 40 mm, \u00ab c\u2019est une montre qui s\u2019explique et que l\u2019on d\u00e9couvre au fur et \u00e0 mesure\u00a0\u00bb, commente Romain Marietta. Cette nouvelle Solo Sport coche toutes les cases de la cat\u00e9gorie avec des atouts \u00e0 m\u00eame de faire la diff\u00e9rence aupr\u00e8s des connaisseurs, hommes et femmes. Sportive et urbaine, elle se distingue notamment gr\u00e2ce \u00e0 sa lunette tournante unidirectionnelle qui lui conf\u00e8re des qualit\u00e9s de plongeuse. Pour Beno\u00eet de Clerck, d\u00e9tails extr\u00eamement techniques et finitions de haut niveau, soigneusement \u00e9tudi\u00e9s, \u00ab racontent le produit et expriment la marque\u00a0\u00bb.\u00a0<\/p>\n<p>    Zenith Chronomaster Solo Sport<br \/>\n                Zenith<\/p>\n<p class=\"fig-paragraph\">Riche d\u2019une communaut\u00e9 et d\u2019un patrimoine horloger incontestable, Zenith pr\u00e9sente \u00e0 bien des \u00e9gards une histoire et une capacit\u00e9 de diff\u00e9renciation qui font aujourd\u2019hui le succ\u00e8s des horlogers ind\u00e9pendants, bien que la marque appartienne au groupe LVMH. \u00ab Je suis convaincu que c\u2019est le bon moment pour Zenith. Les clients cherchent quelque chose de juste et d\u2019authentique. Notre histoire est tangible, avec une manufacture situ\u00e9e au m\u00eame endroit depuis 161 ans\u00a0\u00bb, conclut Beno\u00eet de Clerck.<\/p>\n","protected":false},"excerpt":{"rendered":"Nouvelle ligne au sein de la collection Chronomaster, la Solo Sport mise sur le calibre haute fr\u00e9quence El&hellip;\n","protected":false},"author":2,"featured_media":292745,"comment_status":"","ping_status":"","sticky":false,"template":"","format":"standard","meta":{"footnotes":"","_share_on_mastodon":"0"},"categories":[7],"tags":[5518,61,57,59,58,23,60,62],"class_list":["post-292744","post","type-post","status-publish","format-standard","has-post-thumbnail","category-sciences-et-technologies","tag-horlogerie","tag-science","tag-science-and-technology","tag-sciences","tag-sciences-et-technologies","tag-suisse","tag-technologies","tag-technology"],"share_on_mastodon":{"url":"https:\/\/pubeurope.com\/@ch_fr\/117217517219599151","error":""},"_links":{"self":[{"href":"https:\/\/www.europesays.com\/ch-fr\/wp-json\/wp\/v2\/posts\/292744","targetHints":{"allow":["GET"]}}],"collection":[{"href":"https:\/\/www.europesays.com\/ch-fr\/wp-json\/wp\/v2\/posts"}],"about":[{"href":"https:\/\/www.europesays.com\/ch-fr\/wp-json\/wp\/v2\/types\/post"}],"author":[{"embeddable":true,"href":"https:\/\/www.europesays.com\/ch-fr\/wp-json\/wp\/v2\/users\/2"}],"replies":[{"embeddable":true,"href":"https:\/\/www.europesays.com\/ch-fr\/wp-json\/wp\/v2\/comments?post=292744"}],"version-history":[{"count":0,"href":"https:\/\/www.europesays.com\/ch-fr\/wp-json\/wp\/v2\/posts\/292744\/revisions"}],"wp:featuredmedia":[{"embeddable":true,"href":"https:\/\/www.europesays.com\/ch-fr\/wp-json\/wp\/v2\/media\/292745"}],"wp:attachment":[{"href":"https:\/\/www.europesays.com\/ch-fr\/wp-json\/wp\/v2\/media?parent=292744"}],"wp:term":[{"taxonomy":"category","embeddable":true,"href":"https:\/\/www.europesays.com\/ch-fr\/wp-json\/wp\/v2\/categories?post=292744"},{"taxonomy":"post_tag","embeddable":true,"href":"https:\/\/www.europesays.com\/ch-fr\/wp-json\/wp\/v2\/tags?post=292744"}],"curies":[{"name":"wp","href":"https:\/\/api.w.org\/{rel}","templated":true}]}}