{"id":292758,"date":"2026-09-05T08:44:21","date_gmt":"2026-09-05T08:44:21","guid":{"rendered":"https:\/\/www.europesays.com\/ch-fr\/292758\/"},"modified":"2026-09-05T08:44:21","modified_gmt":"2026-09-05T08:44:21","slug":"en-images-laurent-gerra-dany-boon-fiona-gelin-sidney-govou-les-people-lyonnais-sont-de-retour","status":"publish","type":"post","link":"https:\/\/www.europesays.com\/ch-fr\/292758\/","title":{"rendered":"En images. Laurent Gerra, Dany Boon, Fiona Gelin, Sidney Govou\u00a0: les people lyonnais sont de retour"},"content":{"rendered":"<p>C&rsquo;est l&rsquo;heure de la rentr\u00e9e. M\u00eame si la chaleur est toujours l\u00e0, on a retrouv\u00e9 les bonnes habitudes. Les people ont fait leur retour dans la ville comme Laurent Gerra, fid\u00e8le \u00e0 son L\u00e9on de Lyon. D&rsquo;autres y ont s\u00e9journ\u00e9 en tournage secret comme Dany Boon et Diane Kruger pour les besoins du film sur les \u00e9poux Klarsfeld. Certains enfin rapportent les photos encha\u00een\u00e9es \u00e0 Saint-Tropez ou autres r\u00e9sidences estivales. Et puis, il y a ceux qui ont voyag\u00e9 comme les chefs pr\u00e9sents \u00e0 la s\u00e9lection America du Bocuse d&rsquo;or. R\u00e9trospective en images sur ces deux mois d&rsquo;\u00e9t\u00e9.\u00a0<\/p>\n","protected":false},"excerpt":{"rendered":"C&rsquo;est l&rsquo;heure de la rentr\u00e9e. M\u00eame si la chaleur est toujours l\u00e0, on a retrouv\u00e9 les bonnes habitudes.&hellip;\n","protected":false},"author":2,"featured_media":292759,"comment_status":"","ping_status":"","sticky":false,"template":"","format":"standard","meta":{"footnotes":"","_share_on_mastodon":"0"},"categories":[15],"tags":[158,157,113,87,112,2726,2727,1913,85,42924,38472,6687,159,6686,88,13593,238,23,31017],"class_list":["post-292758","post","type-post","status-publish","format-standard","has-post-thumbnail","category-people","tag-celebrities","tag-celebrity","tag-divertissement","tag-edition-lyon-villeurbanne","tag-entertainment","tag-galerie-loisirs","tag-galerie-media","tag-galerie-photo","tag-lyon","tag-lyon-1er-arrondissement","tag-lyon-4e-arrondissement","tag-metropole","tag-people","tag-people-lyon","tag-rhone","tag-selection-de-la-redaction-69","tag-societe","tag-suisse","tag-villeurbanne"],"share_on_mastodon":{"url":"https:\/\/pubeurope.com\/@ch_fr\/117217556491221572","error":""},"_links":{"self":[{"href":"https:\/\/www.europesays.com\/ch-fr\/wp-json\/wp\/v2\/posts\/292758","targetHints":{"allow":["GET"]}}],"collection":[{"href":"https:\/\/www.europesays.com\/ch-fr\/wp-json\/wp\/v2\/posts"}],"about":[{"href":"https:\/\/www.europesays.com\/ch-fr\/wp-json\/wp\/v2\/types\/post"}],"author":[{"embeddable":true,"href":"https:\/\/www.europesays.com\/ch-fr\/wp-json\/wp\/v2\/users\/2"}],"replies":[{"embeddable":true,"href":"https:\/\/www.europesays.com\/ch-fr\/wp-json\/wp\/v2\/comments?post=292758"}],"version-history":[{"count":0,"href":"https:\/\/www.europesays.com\/ch-fr\/wp-json\/wp\/v2\/posts\/292758\/revisions"}],"wp:featuredmedia":[{"embeddable":true,"href":"https:\/\/www.europesays.com\/ch-fr\/wp-json\/wp\/v2\/media\/292759"}],"wp:attachment":[{"href":"https:\/\/www.europesays.com\/ch-fr\/wp-json\/wp\/v2\/media?parent=292758"}],"wp:term":[{"taxonomy":"category","embeddable":true,"href":"https:\/\/www.europesays.com\/ch-fr\/wp-json\/wp\/v2\/categories?post=292758"},{"taxonomy":"post_tag","embeddable":true,"href":"https:\/\/www.europesays.com\/ch-fr\/wp-json\/wp\/v2\/tags?post=292758"}],"curies":[{"name":"wp","href":"https:\/\/api.w.org\/{rel}","templated":true}]}}