{"id":292770,"date":"2026-09-05T08:52:22","date_gmt":"2026-09-05T08:52:22","guid":{"rendered":"https:\/\/www.europesays.com\/ch-fr\/292770\/"},"modified":"2026-09-05T08:52:22","modified_gmt":"2026-09-05T08:52:22","slug":"des-chercheurs-etudient-les-composes-de-la-cerise-noire-contre-le-cancer-du-sein","status":"publish","type":"post","link":"https:\/\/www.europesays.com\/ch-fr\/292770\/","title":{"rendered":"Des chercheurs \u00e9tudient les compos\u00e9s de la cerise noire contre le cancer du sein"},"content":{"rendered":"<p>Washington, (SANA) Une \u00e9tude scientifique r\u00e9cente a montr\u00e9 que des compos\u00e9s naturels pr\u00e9sents dans les <a href=\"https:\/\/sana.sy\/fr\/tag\/cerises\/\" data-type=\"post_tag\" data-id=\"21489\" rel=\"nofollow noopener\" target=\"_blank\">cerises <\/a>douces fonc\u00e9es pourraient contribuer \u00e0 ralentir la croissance du <a href=\"https:\/\/sana.sy\/fr\/tag\/cancer-du-sein\/\" data-type=\"post_tag\" data-id=\"21490\" rel=\"nofollow noopener\" target=\"_blank\">cancer du sein <\/a>triple n\u00e9gatif, ainsi qu\u2019\u00e0 limiter sa propagation et sa r\u00e9sistance au traitement.<\/p>\n<p>Le site scientifique \u00ab ScienceDaily \u00bb a indiqu\u00e9 avant-hier que des chercheurs de l\u2019universit\u00e9 am\u00e9ricaine Texas A&amp;M avaient \u00e9tudi\u00e9 l\u2019effet des compos\u00e9s appel\u00e9s \u00ab <a href=\"https:\/\/sana.sy\/fr\/tag\/anthocyanes\/\" data-type=\"post_tag\" data-id=\"21491\" rel=\"nofollow noopener\" target=\"_blank\">anthocyanes <\/a>\u00bb, pr\u00e9sents dans les cerises douces fonc\u00e9es, sur le cancer du sein triple n\u00e9gatif, dans le cadre d\u2019exp\u00e9riences men\u00e9es sur des souris.<\/p>\n<p>Le cancer du sein triple n\u00e9gatif ne poss\u00e8de pas de r\u00e9cepteurs aux hormones \u0153strog\u00e8ne et progest\u00e9rone, ni de prot\u00e9ine \u00ab HER2 \u00bb favorisant la croissance, ce qui r\u00e9duit les options th\u00e9rapeutiques et augmente les risques de propagation, notamment aux poumons et au cerveau.<\/p>\n<p>La chercheuse en sciences et technologies alimentaires \u00e0 l\u2019universit\u00e9, la Dre Giuliana Noratto, a expliqu\u00e9 que ce cancer se caract\u00e9risait par une division rapide de ses cellules, ce qui accro\u00eet le risque qu\u2019il se propage \u00e0 des organes \u00e9loign\u00e9s et r\u00e9apparaisse apr\u00e8s le traitement.<\/p>\n<p>Les r\u00e9sultats ont montr\u00e9 que les souris ayant re\u00e7u des extraits riches en anthocyanes avant l\u2019implantation des tumeurs pr\u00e9sentaient une croissance plus lente du cancer, sans effets secondaires notables. Les chercheurs ont toutefois soulign\u00e9 la n\u00e9cessit\u00e9 de mener davantage d\u2019\u00e9tudes afin de d\u00e9terminer l\u2019efficacit\u00e9 et l\u2019innocuit\u00e9 de ces compos\u00e9s chez l\u2019\u00eatre humain.<\/p>\n<p>Ces r\u00e9sultats ouvrent de nouvelles perspectives pour le d\u00e9veloppement, \u00e0 l\u2019avenir, de m\u00e9thodes compl\u00e9mentaires dans le traitement du cancer du sein.<\/p>\n<p>mch<\/p>\n","protected":false},"excerpt":{"rendered":"Washington, (SANA) Une \u00e9tude scientifique r\u00e9cente a montr\u00e9 que des compos\u00e9s naturels pr\u00e9sents dans les cerises douces fonc\u00e9es&hellip;\n","protected":false},"author":2,"featured_media":292771,"comment_status":"","ping_status":"","sticky":false,"template":"","format":"standard","meta":{"footnotes":"","_share_on_mastodon":"0"},"categories":[7],"tags":[61,57,59,58,23,60,62],"class_list":["post-292770","post","type-post","status-publish","format-standard","has-post-thumbnail","category-sciences-et-technologies","tag-science","tag-science-and-technology","tag-sciences","tag-sciences-et-technologies","tag-suisse","tag-technologies","tag-technology"],"share_on_mastodon":{"url":"https:\/\/pubeurope.com\/@ch_fr\/117217587738135821","error":""},"_links":{"self":[{"href":"https:\/\/www.europesays.com\/ch-fr\/wp-json\/wp\/v2\/posts\/292770","targetHints":{"allow":["GET"]}}],"collection":[{"href":"https:\/\/www.europesays.com\/ch-fr\/wp-json\/wp\/v2\/posts"}],"about":[{"href":"https:\/\/www.europesays.com\/ch-fr\/wp-json\/wp\/v2\/types\/post"}],"author":[{"embeddable":true,"href":"https:\/\/www.europesays.com\/ch-fr\/wp-json\/wp\/v2\/users\/2"}],"replies":[{"embeddable":true,"href":"https:\/\/www.europesays.com\/ch-fr\/wp-json\/wp\/v2\/comments?post=292770"}],"version-history":[{"count":0,"href":"https:\/\/www.europesays.com\/ch-fr\/wp-json\/wp\/v2\/posts\/292770\/revisions"}],"wp:featuredmedia":[{"embeddable":true,"href":"https:\/\/www.europesays.com\/ch-fr\/wp-json\/wp\/v2\/media\/292771"}],"wp:attachment":[{"href":"https:\/\/www.europesays.com\/ch-fr\/wp-json\/wp\/v2\/media?parent=292770"}],"wp:term":[{"taxonomy":"category","embeddable":true,"href":"https:\/\/www.europesays.com\/ch-fr\/wp-json\/wp\/v2\/categories?post=292770"},{"taxonomy":"post_tag","embeddable":true,"href":"https:\/\/www.europesays.com\/ch-fr\/wp-json\/wp\/v2\/tags?post=292770"}],"curies":[{"name":"wp","href":"https:\/\/api.w.org\/{rel}","templated":true}]}}