{"id":292772,"date":"2026-09-05T08:53:12","date_gmt":"2026-09-05T08:53:12","guid":{"rendered":"https:\/\/www.europesays.com\/ch-fr\/292772\/"},"modified":"2026-09-05T08:53:12","modified_gmt":"2026-09-05T08:53:12","slug":"le-plus-grand-bike-park-de-romandie-ouvre-samedi-a-porrentruy","status":"publish","type":"post","link":"https:\/\/www.europesays.com\/ch-fr\/292772\/","title":{"rendered":"Le plus grand bike park de Romandie ouvre samedi \u00e0 Porrentruy"},"content":{"rendered":"<p class=\"wysiwyg-h2\">Le Jura Bike Park est officiellement ouvert depuis ce samedi sur les hauteurs de Porrentruy (JU). D&rsquo;un co\u00fbt de 1,3 million de francs, l&rsquo;infrastructure qui s&rsquo;\u00e9tend sur 11&rsquo;000 m2 propose diff\u00e9rents sentiers, pistes \u00e0 bosses et sauts afin d&rsquo;exercer son agilit\u00e9 \u00e0 v\u00e9lo.<\/p>\n<p>Le site, qui comprendra neuf modules parmi lesquels deux pistes \u00e0 bosses, plusieurs sauts et des pistes avec virages relev\u00e9s, doit aider \u00e0 promouvoir la petite reine, alors que &lsquo;les enfants se d\u00e9placent de moins en moins \u00e0 v\u00e9lo&rsquo;, selon le pr\u00e9sident de la fondation Jura Bike Park Arnaud Ma\u00eetre. S&rsquo;exercer sur ce genre d&rsquo;infrastructure permet d&rsquo;\u00eatre plus \u00e0 l&rsquo;aise pour ensuite circuler dans le trafic, fait-il valoir.<\/p>\n<p>Arnaud Ma\u00eetre y voit aussi un &lsquo;gros atout&rsquo; pour le tourisme. &lsquo;Nous sommes convaincus que \u00e7a va amener du monde dans la r\u00e9gion et des nuit\u00e9es&rsquo;. Si le Jura Bike Park sera le plus grand de Romandie, &lsquo;il n&rsquo;y a pas non plus d&rsquo;\u00e9quivalent en France voisine&rsquo;.<\/p>\n<p>Le projet a co\u00fbt\u00e9 au total 1,3 million, financ\u00e9 en majorit\u00e9 par des sponsors et du m\u00e9c\u00e9nat.<\/p>\n<p> \/ATS<\/p>\n","protected":false},"excerpt":{"rendered":"Le Jura Bike Park est officiellement ouvert depuis ce samedi sur les hauteurs de Porrentruy (JU). D&rsquo;un co\u00fbt&hellip;\n","protected":false},"author":2,"featured_media":292773,"comment_status":"","ping_status":"","sticky":false,"template":"","format":"standard","meta":{"footnotes":"","_share_on_mastodon":"0"},"categories":[6],"tags":[121,124,128,45,119,44,43,122,123,118,136,132,131,133,130,135,120,126,117,125,114,115,116,23,129,127,134],"class_list":["post-292772","post","type-post","status-publish","format-standard","has-post-thumbnail","category-economie","tag-ajoie","tag-animation","tag-bienne","tag-business","tag-delemont","tag-economie","tag-economy","tag-franches-montagnes","tag-frequence","tag-jura","tag-jura-bernois","tag-la-chaux-de-fonds","tag-moutier","tag-neuchatel","tag-neuveville","tag-payerne","tag-porrentruy","tag-publicite","tag-radio","tag-redaction","tag-rfj","tag-rjb","tag-rtn","tag-suisse","tag-tavannes","tag-vallon-de-st-imier","tag-yverdon"],"share_on_mastodon":{"url":"https:\/\/pubeurope.com\/@ch_fr\/117217591745648692","error":""},"_links":{"self":[{"href":"https:\/\/www.europesays.com\/ch-fr\/wp-json\/wp\/v2\/posts\/292772","targetHints":{"allow":["GET"]}}],"collection":[{"href":"https:\/\/www.europesays.com\/ch-fr\/wp-json\/wp\/v2\/posts"}],"about":[{"href":"https:\/\/www.europesays.com\/ch-fr\/wp-json\/wp\/v2\/types\/post"}],"author":[{"embeddable":true,"href":"https:\/\/www.europesays.com\/ch-fr\/wp-json\/wp\/v2\/users\/2"}],"replies":[{"embeddable":true,"href":"https:\/\/www.europesays.com\/ch-fr\/wp-json\/wp\/v2\/comments?post=292772"}],"version-history":[{"count":0,"href":"https:\/\/www.europesays.com\/ch-fr\/wp-json\/wp\/v2\/posts\/292772\/revisions"}],"wp:featuredmedia":[{"embeddable":true,"href":"https:\/\/www.europesays.com\/ch-fr\/wp-json\/wp\/v2\/media\/292773"}],"wp:attachment":[{"href":"https:\/\/www.europesays.com\/ch-fr\/wp-json\/wp\/v2\/media?parent=292772"}],"wp:term":[{"taxonomy":"category","embeddable":true,"href":"https:\/\/www.europesays.com\/ch-fr\/wp-json\/wp\/v2\/categories?post=292772"},{"taxonomy":"post_tag","embeddable":true,"href":"https:\/\/www.europesays.com\/ch-fr\/wp-json\/wp\/v2\/tags?post=292772"}],"curies":[{"name":"wp","href":"https:\/\/api.w.org\/{rel}","templated":true}]}}