{"id":292780,"date":"2026-09-05T09:01:12","date_gmt":"2026-09-05T09:01:12","guid":{"rendered":"https:\/\/www.europesays.com\/ch-fr\/292780\/"},"modified":"2026-09-05T09:01:12","modified_gmt":"2026-09-05T09:01:12","slug":"hug-geneve-baisse-des-hospitalisations-sociales-denfants-en-2026","status":"publish","type":"post","link":"https:\/\/www.europesays.com\/ch-fr\/292780\/","title":{"rendered":"HUG Gen\u00e8ve: baisse des hospitalisations sociales d&rsquo;enfants en 2026"},"content":{"rendered":"<p><img loading=\"lazy\" decoding=\"async\" src=\"https:\/\/www.europesays.com\/ch-fr\/wp-content\/uploads\/2026\/09\/08b2eaf1-386c-46c7-8e9f-232af0367f7c.jpg\" alt=\"Les hospitalisations sociales, outre qu'elles sont inadapt\u00e9es pour les enfants concern\u00e9s, occupent des lits destin\u00e9s aux soins aigus.\" title=\"Les hospitalisations sociales, outre qu'elles sont inadapt\u00e9es pour les enfants concern\u00e9s, occupent des lits destin\u00e9s aux soins aigus.\"  width=\"1200\" height=\"800\"\/>Les hospitalisations sociales, outre qu&rsquo;elles sont inadapt\u00e9es pour les enfants concern\u00e9s, occupent des lits destin\u00e9s aux soins aigus.TDG &#8211; L. Fortunati<\/p>\n<p type=\"textBlockArray\" class=\"sc-96fb0400-2 bwOXSg\">Les hospitalisations sociales d&rsquo;enfants, soit leur placement aux HUG pour les pr\u00e9server de maltraitances, ont longtemps \u00e9t\u00e9 un mal r\u00e9current \u00e0 Gen\u00e8ve. La solution, intervenant faute de places en foyer, est inadapt\u00e9e et occupe des lits destin\u00e9s aux soins aigus. Mais ainsi que le rapporte la \u00ab<a target=\"_blank\" href=\"http:\/\/tdg.ch\" rel=\"noopener noreferrer nofollow\">Tribune de Gen\u00e8ve<\/a>\u00bb, ces hospitalisations sont, enfin, en baisse. Alors que jusqu&rsquo;\u00e0 17 mineurs avaient \u00e9t\u00e9 simultan\u00e9ment plac\u00e9s aux HUG l&rsquo;an pass\u00e9, ils n&rsquo;\u00e9taient que quatre au d\u00e9but du mois.<\/p>\n<p type=\"textBlockArray\" class=\"sc-96fb0400-2 bwOXSg\">Le nombre de journ\u00e9e de placement est en net recul. Il a \u00e9t\u00e9 divis\u00e9 par 2,5 entre 2025 et 2026. Cette nouvelle poss\u00e8de plusieurs explications. D&rsquo;une part, la campagne visant \u00e0 recruter des familles d&rsquo;accueil a port\u00e9 ses fruits. Depuis son lancement en 2025, huit nouvelles familles ont permis d&rsquo;accueillir 26 enfants; et six autres familles rejoindront bient\u00f4t le dispositif. Par ailleurs, certains mineurs ont \u00e9t\u00e9 plac\u00e9s chez eux, avec un suivi et un encadrement. Trente-cinq bambins sont concern\u00e9s \u00e0 ce jour.<\/p>\n<p>(jef)<\/p>\n","protected":false},"excerpt":{"rendered":"Les hospitalisations sociales, outre qu&rsquo;elles sont inadapt\u00e9es pour les enfants concern\u00e9s, occupent des lits destin\u00e9s aux soins aigus.TDG&hellip;\n","protected":false},"author":2,"featured_media":292781,"comment_status":"","ping_status":"","sticky":false,"template":"","format":"standard","meta":{"footnotes":"","_share_on_mastodon":"0"},"categories":[17],"tags":[170,169,23],"class_list":["post-292780","post","type-post","status-publish","format-standard","has-post-thumbnail","category-geneve","tag-geneva","tag-geneve","tag-suisse"],"share_on_mastodon":{"url":"https:\/\/pubeurope.com\/@ch_fr\/117217623636827561","error":""},"_links":{"self":[{"href":"https:\/\/www.europesays.com\/ch-fr\/wp-json\/wp\/v2\/posts\/292780","targetHints":{"allow":["GET"]}}],"collection":[{"href":"https:\/\/www.europesays.com\/ch-fr\/wp-json\/wp\/v2\/posts"}],"about":[{"href":"https:\/\/www.europesays.com\/ch-fr\/wp-json\/wp\/v2\/types\/post"}],"author":[{"embeddable":true,"href":"https:\/\/www.europesays.com\/ch-fr\/wp-json\/wp\/v2\/users\/2"}],"replies":[{"embeddable":true,"href":"https:\/\/www.europesays.com\/ch-fr\/wp-json\/wp\/v2\/comments?post=292780"}],"version-history":[{"count":0,"href":"https:\/\/www.europesays.com\/ch-fr\/wp-json\/wp\/v2\/posts\/292780\/revisions"}],"wp:featuredmedia":[{"embeddable":true,"href":"https:\/\/www.europesays.com\/ch-fr\/wp-json\/wp\/v2\/media\/292781"}],"wp:attachment":[{"href":"https:\/\/www.europesays.com\/ch-fr\/wp-json\/wp\/v2\/media?parent=292780"}],"wp:term":[{"taxonomy":"category","embeddable":true,"href":"https:\/\/www.europesays.com\/ch-fr\/wp-json\/wp\/v2\/categories?post=292780"},{"taxonomy":"post_tag","embeddable":true,"href":"https:\/\/www.europesays.com\/ch-fr\/wp-json\/wp\/v2\/tags?post=292780"}],"curies":[{"name":"wp","href":"https:\/\/api.w.org\/{rel}","templated":true}]}}