{"id":292808,"date":"2026-09-05T09:30:19","date_gmt":"2026-09-05T09:30:19","guid":{"rendered":"https:\/\/www.europesays.com\/ch-fr\/292808\/"},"modified":"2026-09-05T09:30:19","modified_gmt":"2026-09-05T09:30:19","slug":"les-soeurs-williams-frolent-lexploit-au-1er-tour-du-double","status":"publish","type":"post","link":"https:\/\/www.europesays.com\/ch-fr\/292808\/","title":{"rendered":"Les soeurs Williams fr\u00f4lent l&rsquo;exploit au 1er tour du double"},"content":{"rendered":"<p class=\"wysiwyg-h2\">Les soeurs Williams ont fr\u00f4l\u00e9 l&rsquo;exploit vendredi au 1er tour du double dames de l&rsquo;US Open.<\/p>\n<p>Venus et sa cadette Serena se sont inclin\u00e9es d&rsquo;un souffle, 6-3 6-7 (8\/6) 7-6 (10\/7), face \u00e0 la paire Hao-Ching Chan\/Maya Joint pour leur retour ensemble \u00e0 New York.<\/p>\n<p>Les Williams ont m\u00eame men\u00e9 5\/0 dans le tie-break du troisi\u00e8me set avant de se faire remonter, puis d\u00e9passer, au terme d&rsquo;un marathon de 3h02.<\/p>\n<p>A respectivement 46 et 44 ans, Venus et Serena Williams ont justifi\u00e9 l&rsquo;invitation des organisateurs du tournoi qu&rsquo;elles ont remport\u00e9 deux fois en double (1999 et 2009). Elles n&rsquo;avaient plus \u00e9t\u00e9 associ\u00e9es en Grand Chelem depuis 2022, \u00e0 l&rsquo;US Open d\u00e9j\u00e0. Leur dernier succ\u00e8s ensemble remonte \u00e0 plus de huit ans, \u00e0 Roland-Garros (2018).<\/p>\n<p>Devant un public du stade Arthur Ashe tout acquis \u00e0 leur cause, les deux l\u00e9gendes du tennis n&rsquo;\u00e9taient visiblement pas venues pour faire de la figuration. Appliqu\u00e9es, elles ont donn\u00e9 le maximum physiquement. Parfois impressionnante \u00e0 la vol\u00e9e, Serena Williams a accompagn\u00e9 beaucoup de ses finitions d&rsquo;un cri rageur.<\/p>\n<p>Loin de renoncer apr\u00e8s la perte du premier set, elles ont livr\u00e9 une deuxi\u00e8me manche pleine de panache, avec pas moins de 20 coups gagnants, conclue sur un tie-break apr\u00e8s que chaque paire a tenu son service. Men\u00e9es 4-2 au troisi\u00e8me set, elles ont profit\u00e9 de la nervosit\u00e9 de leurs adversaires pour recoller \u00e0 4-4.<\/p>\n<p>Les soeurs Williams ont sembl\u00e9 avoir fait le plus dur en prenant l&rsquo;avantage 5\/0 dans le jeu d\u00e9cisif de la troisi\u00e8me manche. Mais la Ta\u00efwanaise Hao-Ching Chan et l&rsquo;Australienne Maya Joint ont alors jou\u00e9 avec l&rsquo;\u00e9nergie du d\u00e9sespoir pour remporter 10 des 12 derniers points du match.<\/p>\n<p> \/ATS<\/p>\n","protected":false},"excerpt":{"rendered":"Les soeurs Williams ont fr\u00f4l\u00e9 l&rsquo;exploit vendredi au 1er tour du double dames de l&rsquo;US Open. Venus et&hellip;\n","protected":false},"author":2,"featured_media":292809,"comment_status":"","ping_status":"","sticky":false,"template":"","format":"standard","meta":{"footnotes":"","_share_on_mastodon":"0"},"categories":[8],"tags":[121,124,128,119,122,123,118,136,132,131,133,130,135,120,126,117,125,114,115,116,75,23,129,127,134],"class_list":["post-292808","post","type-post","status-publish","format-standard","has-post-thumbnail","category-sports","tag-ajoie","tag-animation","tag-bienne","tag-delemont","tag-franches-montagnes","tag-frequence","tag-jura","tag-jura-bernois","tag-la-chaux-de-fonds","tag-moutier","tag-neuchatel","tag-neuveville","tag-payerne","tag-porrentruy","tag-publicite","tag-radio","tag-redaction","tag-rfj","tag-rjb","tag-rtn","tag-sports","tag-suisse","tag-tavannes","tag-vallon-de-st-imier","tag-yverdon"],"share_on_mastodon":{"url":"https:\/\/pubeurope.com\/@ch_fr\/117217737196993164","error":""},"_links":{"self":[{"href":"https:\/\/www.europesays.com\/ch-fr\/wp-json\/wp\/v2\/posts\/292808","targetHints":{"allow":["GET"]}}],"collection":[{"href":"https:\/\/www.europesays.com\/ch-fr\/wp-json\/wp\/v2\/posts"}],"about":[{"href":"https:\/\/www.europesays.com\/ch-fr\/wp-json\/wp\/v2\/types\/post"}],"author":[{"embeddable":true,"href":"https:\/\/www.europesays.com\/ch-fr\/wp-json\/wp\/v2\/users\/2"}],"replies":[{"embeddable":true,"href":"https:\/\/www.europesays.com\/ch-fr\/wp-json\/wp\/v2\/comments?post=292808"}],"version-history":[{"count":0,"href":"https:\/\/www.europesays.com\/ch-fr\/wp-json\/wp\/v2\/posts\/292808\/revisions"}],"wp:featuredmedia":[{"embeddable":true,"href":"https:\/\/www.europesays.com\/ch-fr\/wp-json\/wp\/v2\/media\/292809"}],"wp:attachment":[{"href":"https:\/\/www.europesays.com\/ch-fr\/wp-json\/wp\/v2\/media?parent=292808"}],"wp:term":[{"taxonomy":"category","embeddable":true,"href":"https:\/\/www.europesays.com\/ch-fr\/wp-json\/wp\/v2\/categories?post=292808"},{"taxonomy":"post_tag","embeddable":true,"href":"https:\/\/www.europesays.com\/ch-fr\/wp-json\/wp\/v2\/tags?post=292808"}],"curies":[{"name":"wp","href":"https:\/\/api.w.org\/{rel}","templated":true}]}}