{"id":292814,"date":"2026-09-05T09:33:15","date_gmt":"2026-09-05T09:33:15","guid":{"rendered":"https:\/\/www.europesays.com\/ch-fr\/292814\/"},"modified":"2026-09-05T09:33:15","modified_gmt":"2026-09-05T09:33:15","slug":"frite-un-vaudois-veut-devenir-champion-du-monde-a-arras","status":"publish","type":"post","link":"https:\/\/www.europesays.com\/ch-fr\/292814\/","title":{"rendered":"Frite: un Vaudois veut devenir champion du monde \u00e0 Arras"},"content":{"rendered":"\n<p> Abo       \u2013   <\/p>\n<p> Le plus Ch\u2019ti des Vaudois vise le titre de Champion du monde de la frite <\/p>\n<p class=\"lead regular externalicon-big astro-odojtzmo\"> Patron de la Brasserie de Paudex, Fabrice Hochart affrontera onze autres coll\u00e8gues sp\u00e9cialistes le 26\u00a0septembre dans le nord de la France.  <\/p>\n<p>   <img loading=\"lazy\" decoding=\"async\" src=\"https:\/\/www.europesays.com\/ch-fr\/wp-content\/uploads\/2026\/09\/1788600795_591_2opb5nEQ4E3Bvyp19QUR-v.jpg\"  width=\"100\" height=\"100\"  alt=\"Sylvain Muller\" class=\"AuthorImage -content-head authorimage astro-ivm7rlur astro-uymtm5hg\" style=\"background-color:#717171\"\/>         Publi\u00e9 aujourd\u2019hui \u00e0 10h54                            LinkedIn Lien copi\u00e9 Error occurred        Facebook Lien copi\u00e9 Error occurred        X Lien copi\u00e9 Error occurred           E-mail Lien copi\u00e9 Error occurred        Copier le lien Lien copi\u00e9 Error occurred              <\/p>\n","protected":false},"excerpt":{"rendered":"Abo \u2013 Le plus Ch\u2019ti des Vaudois vise le titre de Champion du monde de la frite Patron&hellip;\n","protected":false},"author":2,"featured_media":292815,"comment_status":"","ping_status":"","sticky":false,"template":"","format":"standard","meta":{"footnotes":"","_share_on_mastodon":"0"},"categories":[5],"tags":[11344,40,24460,37,41,42],"class_list":["post-292814","post","type-post","status-publish","format-standard","has-post-thumbnail","category-international","tag-inspiration","tag-international","tag-municipality-paudex","tag-stats-seo","tag-world","tag-world-news"],"share_on_mastodon":{"url":"https:\/\/pubeurope.com\/@ch_fr\/117217749546185565","error":""},"_links":{"self":[{"href":"https:\/\/www.europesays.com\/ch-fr\/wp-json\/wp\/v2\/posts\/292814","targetHints":{"allow":["GET"]}}],"collection":[{"href":"https:\/\/www.europesays.com\/ch-fr\/wp-json\/wp\/v2\/posts"}],"about":[{"href":"https:\/\/www.europesays.com\/ch-fr\/wp-json\/wp\/v2\/types\/post"}],"author":[{"embeddable":true,"href":"https:\/\/www.europesays.com\/ch-fr\/wp-json\/wp\/v2\/users\/2"}],"replies":[{"embeddable":true,"href":"https:\/\/www.europesays.com\/ch-fr\/wp-json\/wp\/v2\/comments?post=292814"}],"version-history":[{"count":0,"href":"https:\/\/www.europesays.com\/ch-fr\/wp-json\/wp\/v2\/posts\/292814\/revisions"}],"wp:featuredmedia":[{"embeddable":true,"href":"https:\/\/www.europesays.com\/ch-fr\/wp-json\/wp\/v2\/media\/292815"}],"wp:attachment":[{"href":"https:\/\/www.europesays.com\/ch-fr\/wp-json\/wp\/v2\/media?parent=292814"}],"wp:term":[{"taxonomy":"category","embeddable":true,"href":"https:\/\/www.europesays.com\/ch-fr\/wp-json\/wp\/v2\/categories?post=292814"},{"taxonomy":"post_tag","embeddable":true,"href":"https:\/\/www.europesays.com\/ch-fr\/wp-json\/wp\/v2\/tags?post=292814"}],"curies":[{"name":"wp","href":"https:\/\/api.w.org\/{rel}","templated":true}]}}