{"id":292836,"date":"2026-09-05T09:51:21","date_gmt":"2026-09-05T09:51:21","guid":{"rendered":"https:\/\/www.europesays.com\/ch-fr\/292836\/"},"modified":"2026-09-05T09:51:21","modified_gmt":"2026-09-05T09:51:21","slug":"france-une-meute-de-neuf-chiens-terrorise-le-voisinage","status":"publish","type":"post","link":"https:\/\/www.europesays.com\/ch-fr\/292836\/","title":{"rendered":"France: une meute de neuf chiens terrorise le voisinage"},"content":{"rendered":"\n<p>        \u2013   <\/p>\n<p> Une meute de neuf chiens s\u00e8me la terreur dans les Yvelines <\/p>\n<p class=\"lead regular externalicon-big astro-odojtzmo\"> Un berger allemand a \u00e9t\u00e9 tu\u00e9 fin ao\u00fbt par ces chiens \u00e0 Jouars-Pontchartrain. Le maire a pris un arr\u00eat\u00e9, mais le propri\u00e9taire refuse de remettre les animaux.  <\/p>\n<p>   <img loading=\"lazy\" decoding=\"async\" src=\"https:\/\/www.europesays.com\/ch-fr\/wp-content\/uploads\/2026\/09\/1788601880_114_6A17SKeUalK9Nv0mDqJd6T.jpg\"  width=\"100\" height=\"100\"  alt=\"Claude Beda\" class=\"AuthorImage -content-head authorimage astro-ivm7rlur astro-uymtm5hg\" style=\"background-color:#A7A7A7\"\/>         Publi\u00e9 aujourd\u2019hui \u00e0 11h31                          LinkedIn Lien copi\u00e9 Error occurred        Facebook Lien copi\u00e9 Error occurred        X Lien copi\u00e9 Error occurred           E-mail Lien copi\u00e9 Error occurred        Copier le lien Lien copi\u00e9 Error occurred                    <img decoding=\"async\" loading=\"eager\" fetchpriority=\"high\" src=\"https:\/\/www.europesays.com\/ch-fr\/wp-content\/uploads\/2026\/09\/35c2bakuqhU8C7lyilvqt9.jpg\" data-image-url=\"https:\/\/www.europesays.com\/ch-fr\/wp-content\/uploads\/2026\/09\/35c2bakuqhU8C7lyilvqt9.jpg\" alt=\"Un berger allemand au pelage brun et noir allong\u00e9 sur un parquet en bois, la t\u00eate pos\u00e9e entre ses pattes, regard expressif.\" title=\"Un berger allemand au pelage brun et noir allong\u00e9 sur un parquet en bois, la t\u00eate pos\u00e9e entre ses pattes, regard expressif.\" class=\"ResponsiveImage responsive-image astro-xbt4piv4\" style=\"background-color:#79664D\" onload=\"this.style.backgroundColor = &quot;transparent&quot;\"\/>           <\/p>\n<p>Une meute de neuf chiens a tu\u00e9 Thao, un berger allemand, fin ao\u00fbt pr\u00e8s de Rambouillet (image d\u2019illustration).<\/p>\n<p>IMAGO\/Sabine Gudath<\/p>\n<p class=\"astro-gkn4pfbc articleParagraph externalicon-big focus _content-width article-element astro-bqhs6jcx\">Une meute de neuf <a class=\"noExternalIcon astro-bqhs6jcx\" target=\"_self\" href=\"https:\/\/www.24heures.ch\/vaud-une-chienne-tueuse-echappe-au-sequestre-definitif-355355149317\" data-article-link=\"https:\/\/www.24heures.ch\/vaud-une-chienne-tueuse-echappe-au-sequestre-definitif-355355149317\" rel=\"nofollow noopener\">chiens<\/a> a tu\u00e9 Thao, un berger allemand de 4\u00a0ans, fin ao\u00fbt \u00e0 Jouars-Pontchartrain (Yvelines), rapporte <a class=\" astro-bqhs6jcx\" target=\"_blank\" rel=\"noopener noreferrer nofollow\" href=\"https:\/\/www.leparisien.fr\/yvelines-78\/cetait-un-carnage-un-berger-allemand-meurt-devore-par-une-meute-de-chiens-dans-les-yvelines-04-09-2026-XUXICOUISVG4HMIPF53H2ARE64.php\" data-article-link=\"https:\/\/www.leparisien.fr\/yvelines-78\/cetait-un-carnage-un-berger-allemand-meurt-devore-par-une-meute-de-chiens-dans-les-yvelines-04-09-2026-XUXICOUISVG4HMIPF53H2ARE64.php\">\u00abLe Parisien\u00bb.<\/a> Ce drame survient en lisi\u00e8re de la for\u00eat de Rambouillet, dans un secteur o\u00f9 des attaques de chiens sont signal\u00e9es depuis au moins six ans.<\/p>\n<p class=\"astro-gkn4pfbc articleParagraph externalicon-big focus _content-width article-element astro-bqhs6jcx\">Thao avait d\u00e9j\u00e0 \u00e9t\u00e9 gri\u00e8vement bless\u00e9 par cette m\u00eame meute en 2023. Les chiens lui avaient arrach\u00e9 une oreille, n\u00e9cessitant une semaine d\u2019hospitalisation dans une clinique v\u00e9t\u00e9rinaire. Une personne qui avait tent\u00e9 de s\u2019interposer avait \u00e9t\u00e9 bless\u00e9e au bras.<\/p>\n<p class=\"astro-gkn4pfbc articleParagraph externalicon-big focus _content-width article-element astro-bqhs6jcx\">Le secteur a connu d\u2019autres drames similaires. En 2024, un berger australien n\u2019a pas surv\u00e9cu \u00e0 une attaque. L\u2019an dernier, un braque promen\u00e9 en laisse a \u00e9t\u00e9 pris pour cible et sa propri\u00e9taire bless\u00e9e. Selon la propri\u00e9taire de Thao, l\u2019ancien occupant de son domaine lui avait rapport\u00e9 qu\u2019avant 2020, un autre chien avait d\u00e9j\u00e0 \u00e9t\u00e9 tu\u00e9.<\/p>\n<p class=\"astro-gkn4pfbc articleParagraph externalicon-big focus _content-width article-element astro-bqhs6jcx\">Le maire de Coigni\u00e8res, Didier Fischer, a pris un arr\u00eat\u00e9 pour mise en danger grave et imminente. Des policiers accompagn\u00e9s d\u2019un v\u00e9t\u00e9rinaire se sont rendus jeudi sur la propri\u00e9t\u00e9 o\u00f9 vivent les neuf chiens. Cependant, les personnes pr\u00e9sentes ont refus\u00e9 de leur remettre les animaux.<\/p>\n<p class=\"astro-gkn4pfbc articleParagraph externalicon-big focus _content-width article-element astro-bqhs6jcx\">L\u2019arr\u00eat\u00e9 ne permettant pas aux autorit\u00e9s de p\u00e9n\u00e9trer de force dans la propri\u00e9t\u00e9, une proc\u00e9dure judiciaire doit d\u00e9sormais permettre son ex\u00e9cution. Une fois les chiens pris en charge, un v\u00e9t\u00e9rinaire devra \u00e9valuer leur situation.<\/p>\n<p> Le placement ou l\u2019euthanasie<\/p>\n<p class=\"astro-gkn4pfbc articleParagraph externalicon-big focus _content-width article-element astro-bqhs6jcx\">Deux possibilit\u00e9s sont \u00e9voqu\u00e9es: le placement des chiens aupr\u00e8s d\u2019une association de protection animale ou leur euthanasie. La propri\u00e9taire de Thao a d\u00e9pos\u00e9 une plainte et souhaite que les chemins longeant la propri\u00e9t\u00e9, fr\u00e9quent\u00e9s par des promeneurs et des familles, soient s\u00e9curis\u00e9s.<\/p>\n<p class=\"boxtitle astro-hwrdf5ss astro-bqhs6jcx\">Sur les chiens tueurs<\/p>\n<p>      Newsletter    <\/p>\n<p>\u00abLe meilleur du journalisme europ\u00e9en\u00bb<\/p>\n<p> Plongez dans notre s\u00e9lection d\u2019articles issus de nos partenaires LENA. <\/p>\n<p class=\"astro-2yzsvld2\"> <a class=\"more astro-2yzsvld2\" href=\"https:\/\/www.24heures.ch\/nos-newsletters\" rel=\"nofollow noopener\" target=\"_blank\"> Autres newsletters <\/a> <\/p>\n<p>       Se connecter       <\/p>\n","protected":false},"excerpt":{"rendered":"\u2013 Une meute de neuf chiens s\u00e8me la terreur dans les Yvelines Un berger allemand a \u00e9t\u00e9 tu\u00e9&hellip;\n","protected":false},"author":2,"featured_media":292837,"comment_status":"","ping_status":"","sticky":false,"template":"","format":"standard","meta":{"footnotes":"","_share_on_mastodon":"0"},"categories":[5],"tags":[195,11309,40,37,194,41,42],"class_list":["post-292836","post","type-post","status-publish","format-standard","has-post-thumbnail","category-international","tag-content-en-continu","tag-facts","tag-international","tag-stats-seo","tag-stats-seo-trends","tag-world","tag-world-news"],"share_on_mastodon":{"url":"https:\/\/pubeurope.com\/@ch_fr\/117217820272089930","error":""},"_links":{"self":[{"href":"https:\/\/www.europesays.com\/ch-fr\/wp-json\/wp\/v2\/posts\/292836","targetHints":{"allow":["GET"]}}],"collection":[{"href":"https:\/\/www.europesays.com\/ch-fr\/wp-json\/wp\/v2\/posts"}],"about":[{"href":"https:\/\/www.europesays.com\/ch-fr\/wp-json\/wp\/v2\/types\/post"}],"author":[{"embeddable":true,"href":"https:\/\/www.europesays.com\/ch-fr\/wp-json\/wp\/v2\/users\/2"}],"replies":[{"embeddable":true,"href":"https:\/\/www.europesays.com\/ch-fr\/wp-json\/wp\/v2\/comments?post=292836"}],"version-history":[{"count":0,"href":"https:\/\/www.europesays.com\/ch-fr\/wp-json\/wp\/v2\/posts\/292836\/revisions"}],"wp:featuredmedia":[{"embeddable":true,"href":"https:\/\/www.europesays.com\/ch-fr\/wp-json\/wp\/v2\/media\/292837"}],"wp:attachment":[{"href":"https:\/\/www.europesays.com\/ch-fr\/wp-json\/wp\/v2\/media?parent=292836"}],"wp:term":[{"taxonomy":"category","embeddable":true,"href":"https:\/\/www.europesays.com\/ch-fr\/wp-json\/wp\/v2\/categories?post=292836"},{"taxonomy":"post_tag","embeddable":true,"href":"https:\/\/www.europesays.com\/ch-fr\/wp-json\/wp\/v2\/tags?post=292836"}],"curies":[{"name":"wp","href":"https:\/\/api.w.org\/{rel}","templated":true}]}}