{"id":292860,"date":"2026-09-05T10:09:08","date_gmt":"2026-09-05T10:09:08","guid":{"rendered":"https:\/\/www.europesays.com\/ch-fr\/292860\/"},"modified":"2026-09-05T10:09:08","modified_gmt":"2026-09-05T10:09:08","slug":"lextreme-droite-allemande-aux-portes-du-pouvoir-en-saxe-anhalt","status":"publish","type":"post","link":"https:\/\/www.europesays.com\/ch-fr\/292860\/","title":{"rendered":"L\u2019extr\u00eame droite allemande aux portes du pouvoir en Saxe-Anhalt"},"content":{"rendered":"<p>    R\u00e9sum\u00e9 en 20 secondes<\/p>\n<p>        En savoir plus sur ce type de contenu<\/p>\n<p>Ce r\u00e9sum\u00e9 peut avoir \u00e9t\u00e9 \u00e9crit avec l&rsquo;assistance d\u2019une IA g\u00e9n\u00e9rative. <a href=\"https:\/\/www.letemps.ch\/cyber\/l-usage-de-l-ia-generative-par-les-journalistes-du-temps\" rel=\"nofollow noopener\" target=\"_blank\">En savoir plus<\/a><\/p>\n<p class=\"article__abstract-call-to-action\" data-ariato=\"TrackableElement\" data-trackable-element-type=\"article_abstract_cta\" data-trackable-element-location=\"article_header\" data-trackable-element-id=\"541667\">\n        <a data-event=\"click-&gt;clicked\" href=\"https:\/\/www.letemps.ch\/abonnements\" rel=\"nofollow noopener\" target=\"_blank\">Abonnez-vous<\/a> pour acc\u00e9der au r\u00e9sum\u00e9 en 20 secondes.\n      <\/p>\n<p>Il est 9h30 en ce lundi matin et le terre-plein attenant \u00e0 la station-service Esso de Wolmirstedt est bond\u00e9. Pr\u00e8s de 200 personnes sont venues saluer Ulrich Siegmund, la t\u00eate de liste du parti d\u2019extr\u00eame droite Alternative pour l\u2019Allemagne (AfD), en campagne \u00e9lectorale dans cette bourgade de\u00a012\u00a0000 habitants. L\u2019assembl\u00e9e est compos\u00e9e de retrait\u00e9s, de m\u00e8res de famille et de fans ayant pris sur leur temps de travail pour faire un selfie avec celui qui pourrait devenir le futur ministre-pr\u00e9sident de Saxe-Anhalt. La file d\u2019attente est longue mais, comme promis, Ulrich Siegmund accorde \u00e0 chacun une poign\u00e9e de main, une accolade, un mot affectueux. \u00abNous nous sommes d\u00e9j\u00e0 vus, n\u2019est-ce pas, ma ch\u00e8re?\u00bb lance-t-il \u00e0 une habitante touch\u00e9e d\u2019\u00eatre reconnue. Une proximit\u00e9 et un charme qui plaisent \u00e0 Kati, aux bras tatou\u00e9s. \u00abUli est sympathique et tellement vrai. Il est le candidat du changement. J\u2019esp\u00e8re de tout c\u0153ur que nous aurons la majorit\u00e9 absolue dimanche.\u00bb<\/p>\n<p>Avec 40% d\u2019intentions de votes, tr\u00e8s loin devant les chr\u00e9tiens-d\u00e9mocrates de la CDU, l\u2019AfD n\u2019a en effet jamais \u00e9t\u00e9 aussi proche d\u2019atteindre le pouvoir. Mais obtiendra-t-elle la majorit\u00e9 absolue \u2013 son souhait \u2013 ou trouvera-t-elle un partenaire de coalition\u00a0pour gouverner? C\u2019est tout l\u2019enjeu des derniers jours de campagne. \u00abLes sondages sont bons mais \u00e7a ne suffit pas\u00bb, explique au Temps Ulrich Siegmund, entre deux selfies. \u00abLe r\u00e9sultat risque d\u2019\u00eatre tr\u00e8s serr\u00e9. Nous investissons chaque seconde de notre temps pour convaincre les ind\u00e9cis\u00bb, confirme-t-il, plut\u00f4t d\u00e9tendu.<\/p>\n","protected":false},"excerpt":{"rendered":"R\u00e9sum\u00e9 en 20 secondes En savoir plus sur ce type de contenu Ce r\u00e9sum\u00e9 peut avoir \u00e9t\u00e9 \u00e9crit&hellip;\n","protected":false},"author":2,"featured_media":292861,"comment_status":"","ping_status":"","sticky":false,"template":"","format":"standard","meta":{"footnotes":"","_share_on_mastodon":"0"},"categories":[5],"tags":[1830,40,421,174,41,42],"class_list":["post-292860","post","type-post","status-publish","format-standard","has-post-thumbnail","category-international","tag-allemagne","tag-international","tag-monde","tag-premium","tag-world","tag-world-news"],"share_on_mastodon":{"url":"https:\/\/pubeurope.com\/@ch_fr\/117217890341071529","error":""},"_links":{"self":[{"href":"https:\/\/www.europesays.com\/ch-fr\/wp-json\/wp\/v2\/posts\/292860","targetHints":{"allow":["GET"]}}],"collection":[{"href":"https:\/\/www.europesays.com\/ch-fr\/wp-json\/wp\/v2\/posts"}],"about":[{"href":"https:\/\/www.europesays.com\/ch-fr\/wp-json\/wp\/v2\/types\/post"}],"author":[{"embeddable":true,"href":"https:\/\/www.europesays.com\/ch-fr\/wp-json\/wp\/v2\/users\/2"}],"replies":[{"embeddable":true,"href":"https:\/\/www.europesays.com\/ch-fr\/wp-json\/wp\/v2\/comments?post=292860"}],"version-history":[{"count":0,"href":"https:\/\/www.europesays.com\/ch-fr\/wp-json\/wp\/v2\/posts\/292860\/revisions"}],"wp:featuredmedia":[{"embeddable":true,"href":"https:\/\/www.europesays.com\/ch-fr\/wp-json\/wp\/v2\/media\/292861"}],"wp:attachment":[{"href":"https:\/\/www.europesays.com\/ch-fr\/wp-json\/wp\/v2\/media?parent=292860"}],"wp:term":[{"taxonomy":"category","embeddable":true,"href":"https:\/\/www.europesays.com\/ch-fr\/wp-json\/wp\/v2\/categories?post=292860"},{"taxonomy":"post_tag","embeddable":true,"href":"https:\/\/www.europesays.com\/ch-fr\/wp-json\/wp\/v2\/tags?post=292860"}],"curies":[{"name":"wp","href":"https:\/\/api.w.org\/{rel}","templated":true}]}}