{"id":292866,"date":"2026-09-05T10:13:19","date_gmt":"2026-09-05T10:13:19","guid":{"rendered":"https:\/\/www.europesays.com\/ch-fr\/292866\/"},"modified":"2026-09-05T10:13:19","modified_gmt":"2026-09-05T10:13:19","slug":"a-lausanne-la-maison-de-la-femme-fete-ses-50-ans-3","status":"publish","type":"post","link":"https:\/\/www.europesays.com\/ch-fr\/292866\/","title":{"rendered":"A Lausanne, la Maison de la Femme f\u00eate ses 50 ans"},"content":{"rendered":"<p>    <img src=\"https:\/\/www.europesays.com\/ch-fr\/wp-content\/uploads\/2026\/09\/ac4d26c2d1711b22f8860efc1054c45162f59ada-92009283.jpg\" width=\"1400\" height=\"1050\" alt=\"\" loading=\"eager\" decoding=\"sync\" fetchpriority=\"high\"\/><\/p>\n<p>            Keystone-SDA        <\/p>\n<p>        La Maison de la Femme \u00e0 Lausanne c\u00e9l\u00e8bre son 50e anniversaire, marquant un demi-si\u00e8cle d&rsquo;engagement pour les droits, la solidarit\u00e9 et l&rsquo;accueil des femmes. Une c\u00e9r\u00e9monie officielle est pr\u00e9vue jeudi prochain avec l&rsquo;inauguration d&rsquo;une sculpture \u00ab\u00a0Regard sur l&rsquo;Egalist\u00e9\u00a0\u00bb et le vernissage d&rsquo;une exposition \u00ab\u00a0Super Hero\u00efnes\u00a0\u00bb.\n<\/p>\n<p>        Ce contenu a \u00e9t\u00e9 publi\u00e9 sur    <\/p>\n<p>        05 septembre 2026 &#8211; 09:25\n<\/p>\n<p> (Keystone-ATS) Sise \u00e0 l\u2019avenue de l\u2019Eglantine 6 \u00e0 Lausanne, La Maison de la Femme \u2013 Fondation Madeleine Moret a \u00e9t\u00e9 cr\u00e9\u00e9e en 1976 avec pour vocation premi\u00e8re d\u2019am\u00e9liorer la condition des femmes, rappelle-t-elle dans un communiqu\u00e9. Au fil du temps, elle est devenue une plateforme de services sociaux, avec des permanences ouvertes \u00e0 toute personne en situation de vuln\u00e9rabilit\u00e9, pour de l\u2019\u00e9coute, des conseils juridiques, le recours \u00e0 des \u00e9crivaines publiques ou encore pour du coaching individuel. Elle propose aussi des activit\u00e9s culturelles.<\/p>\n<p>Elle accueille en ses murs le Bureau information femmes (BIF), l\u2019Association des familles monoparentales et recompos\u00e9es (AFMR), ainsi qu\u2019une dizaine d\u2019autres petites associations, rassemblant ainsi des professionnelles et des citoyennes engag\u00e9es. Elle dispose aussi d\u2019une importante biblioth\u00e8que \u2013 La Biblioth\u00e8que des femmes -, avec plus de 2000 titres. A noter que les hommes sont aussi les bienvenus.<\/p>\n<p>Le Conseil de Fondation est l\u2019organe dirigeant de la Fondation Madeleine Moret. Il est compos\u00e9 d\u2019au moins neuf membres qui s\u2019engagent b\u00e9n\u00e9volement \u00e0 administrer la Fondation et ses diff\u00e9rentes activit\u00e9s. La Maison de la Femme propose en parall\u00e8le des locations de salles pour des conf\u00e9rences, des s\u00e9minaires et des cours.<\/p>\n<p>L\u2019h\u00e9ritage g\u00e9n\u00e9reux de Madeleine Moret<\/p>\n<p>Ce lieu d\u2019utilit\u00e9 publique doit son existence \u00e0 une femme qui a marqu\u00e9 les esprits par sa g\u00e9n\u00e9rosit\u00e9: Madeleine Moret. N\u00e9e \u00e0 Lausanne en 1901, elle est la fille de Marguerite Moret, une femme ouverte et cultiv\u00e9e, et du notaire Edouard Moret. Elle grandit dans la maison familiale, situ\u00e9e \u00e0 l\u2019avenue de l\u2019Eglantine, mais passe \u00e9galement beaucoup de temps dans la campagne vaudoise, sa famille poss\u00e9dant plusieurs maisons et terrains \u00e0 Denges, Clarmont et Reverolle.<\/p>\n<p>Tr\u00e8s vite, Madeleine Moret se passionne pour les \u00e9metteurs radio et la t\u00e9l\u00e9communication. Elle devient m\u00eame une pionni\u00e8re dans le domaine. En 1927, elle est la premi\u00e8re femme suisse \u00e0 obtenir son brevet de radiot\u00e9l\u00e9graphiste, ce qui lui donne le droit \u00e0 poss\u00e9der un poste d\u2019\u00e9mission radiot\u00e9l\u00e9graphique, \u00e0 faire soi-m\u00eame des \u00e9missions et \u00e0 correspondre avec les divers postes \u00e9metteurs existants.<\/p>\n<p>A son d\u00e9c\u00e8s en 1973, elle l\u00e8gue la quasi-totalit\u00e9 de ses biens \u00e0 l\u2019Union des Femmes de Lausanne. Membre de l\u2019association, elle n\u2019\u00e9tait toutefois pas connue en son sein, son geste est donc inattendu. Son ex\u00e9cutrice testamentaire \u00e9tait la seule au courant de ses projets.<\/p>\n<p>Ce don est accompagn\u00e9 de trois principales volont\u00e9s de Madeleine Moret: servir de lien entre les soci\u00e9t\u00e9s f\u00e9minines de Lausanne et du canton en mettant \u00e0 disposition un lieu de r\u00e9union; servir la d\u00e9fense des droits de la femme, la protection des int\u00e9r\u00eats f\u00e9minins et l\u2019am\u00e9lioration de la condition de la femme et de la soci\u00e9t\u00e9 en g\u00e9n\u00e9ral; travailler au d\u00e9veloppement culturel et artistique des femmes par des conf\u00e9rences, cours, discussions, expositions, biblioth\u00e8que et tout autre moyen de diffusion culturel.<\/p>\n<p>Jeudi prochain, la c\u00e9l\u00e9bration officielle de ce demi-si\u00e8cle d\u2019existence pr\u00e9voit l\u2019inauguration de la sculpture \u00abRegard sur l\u2019Egalit\u00e9\u00bb, symbole de l\u2019engagement et de la solidarit\u00e9, ainsi que le vernissage de l\u2019exposition \u00abSuper H\u00e9ro\u00efnes\u00bb, pr\u00e9sentant des portraits de femmes aux parcours atypiques (chauffeuses de camion, pompi\u00e8res, etc), dont celui de Madeleine Moret.<\/p>\n","protected":false},"excerpt":{"rendered":"Keystone-SDA La Maison de la Femme \u00e0 Lausanne c\u00e9l\u00e8bre son 50e anniversaire, marquant un demi-si\u00e8cle d&rsquo;engagement pour les&hellip;\n","protected":false},"author":2,"featured_media":292867,"comment_status":"","ping_status":"","sticky":false,"template":"","format":"standard","meta":{"footnotes":"","_share_on_mastodon":"0"},"categories":[19],"tags":[177,23,36],"class_list":["post-292866","post","type-post","status-publish","format-standard","has-post-thumbnail","category-lausanne","tag-lausanne","tag-suisse","tag-ticker"],"share_on_mastodon":{"url":"https:\/\/pubeurope.com\/@ch_fr\/117217906422485804","error":""},"_links":{"self":[{"href":"https:\/\/www.europesays.com\/ch-fr\/wp-json\/wp\/v2\/posts\/292866","targetHints":{"allow":["GET"]}}],"collection":[{"href":"https:\/\/www.europesays.com\/ch-fr\/wp-json\/wp\/v2\/posts"}],"about":[{"href":"https:\/\/www.europesays.com\/ch-fr\/wp-json\/wp\/v2\/types\/post"}],"author":[{"embeddable":true,"href":"https:\/\/www.europesays.com\/ch-fr\/wp-json\/wp\/v2\/users\/2"}],"replies":[{"embeddable":true,"href":"https:\/\/www.europesays.com\/ch-fr\/wp-json\/wp\/v2\/comments?post=292866"}],"version-history":[{"count":0,"href":"https:\/\/www.europesays.com\/ch-fr\/wp-json\/wp\/v2\/posts\/292866\/revisions"}],"wp:featuredmedia":[{"embeddable":true,"href":"https:\/\/www.europesays.com\/ch-fr\/wp-json\/wp\/v2\/media\/292867"}],"wp:attachment":[{"href":"https:\/\/www.europesays.com\/ch-fr\/wp-json\/wp\/v2\/media?parent=292866"}],"wp:term":[{"taxonomy":"category","embeddable":true,"href":"https:\/\/www.europesays.com\/ch-fr\/wp-json\/wp\/v2\/categories?post=292866"},{"taxonomy":"post_tag","embeddable":true,"href":"https:\/\/www.europesays.com\/ch-fr\/wp-json\/wp\/v2\/tags?post=292866"}],"curies":[{"name":"wp","href":"https:\/\/api.w.org\/{rel}","templated":true}]}}