{"id":292874,"date":"2026-09-05T10:23:12","date_gmt":"2026-09-05T10:23:12","guid":{"rendered":"https:\/\/www.europesays.com\/ch-fr\/292874\/"},"modified":"2026-09-05T10:23:12","modified_gmt":"2026-09-05T10:23:12","slug":"au-bangladesh-lepidemie-de-rougeole-nen-finit-pas-avec-pres-de-1-000-enfants-morts-05-09-2026-a-1150","status":"publish","type":"post","link":"https:\/\/www.europesays.com\/ch-fr\/292874\/","title":{"rendered":"Au Bangladesh, l&rsquo;\u00e9pid\u00e9mie de rougeole n&rsquo;en finit pas, avec pr\u00e8s de 1.000 enfants morts &#8211; 05\/09\/2026 \u00e0 11:50"},"content":{"rendered":"<p>        <img decoding=\"async\" src=\"https:\/\/www.europesays.com\/ch-fr\/wp-content\/uploads\/2026\/09\/83c19c089a7027d311c9db8fd17b0775-760x506.jpg\" alt=\"Un enfant re\u00e7oit un traitement contre la rougeole \u00e0 l'h\u00f4pital Shishu, le 4 septembre 2026 \u00e0 Dacca, au Bangladesh ( AFP \/ Salahuddin Ahmed )\" loading=\"eager\" fetchpriority=\"high\" width=\"760\" height=\"506\" style=\"max-width: 100%!important; height: auto;\"\/><\/p>\n<p class=\"c-image-news__legend\">Un enfant re\u00e7oit un traitement contre la rougeole \u00e0 l&rsquo;h\u00f4pital Shishu, le 4 septembre 2026 \u00e0 Dacca, au Bangladesh ( AFP \/ Salahuddin Ahmed )<\/p>\n<p>\n C&rsquo;est l&rsquo;une des plus meurtri\u00e8res jamais recens\u00e9es dans le pays: l&rsquo;\u00e9pid\u00e9mie de rougeole qui s&rsquo;est d\u00e9clar\u00e9e en mars au Bangladesh a bient\u00f4t fait un millier de morts, et les h\u00f4pitaux du pays ne d\u00e9semplissent pas.\n<\/p>\n<p>\n Dans celui de Shishu, dans la capitale Dacca, les couloirs r\u00e9sonnent des pleurs des petits patients et du souffle des respirateurs.\n<\/p>\n<p>\n Rima Akter ne quitte plus le chevet de son fils de 9 mois. \u00ab\u00a0Un enfant est mort il y a une heure \u00e0 peine. Ils l&rsquo;ont \u00e9vacu\u00e9 sur un brancard juste devant nous\u00a0\u00bb, confie la m\u00e8re de famille de 30 ans, inqui\u00e8te. \u00ab\u00a0Ca fait d\u00e9j\u00e0 deux morts, juste pour aujourd&rsquo;hui&#8230;\u00a0\u00bb\n<\/p>\n<p>\n Selon les derniers chiffres du minist\u00e8re bangladais de la Sant\u00e9, le virus a co\u00fbt\u00e9 la vie \u00e0 986 enfants depuis ses d\u00e9buts il y a six mois, et le nombre de cas de contamination a d\u00e9pass\u00e9 les 180.000.\n<\/p>\n<p>\n Plus d&rsquo;un millier de cas sont encore recens\u00e9s chaque jour dans le pays de 170 millions d&rsquo;habitants.\n<\/p>\n<p>        <img decoding=\"async\" src=\"https:\/\/www.europesays.com\/ch-fr\/wp-content\/uploads\/2026\/09\/85da42c12bee5424cc7b6f1542b7026f-760x506.jpg\" alt=\"Un enfant re\u00e7oit un traitement contre la rougeole \u00e0 l'h\u00f4pital Shishu, le 4 septembre 2026 \u00e0 Dacca, au Bangladesh ( AFP \/ Salahuddin Ahmed )\" loading=\"eager\" fetchpriority=\"high\" width=\"760\" height=\"506\" style=\"max-width: 100%!important; height: auto;\"\/><\/p>\n<p class=\"c-image-news__legend\">Un enfant re\u00e7oit un traitement contre la rougeole \u00e0 l&rsquo;h\u00f4pital Shishu, le 4 septembre 2026 \u00e0 Dacca, au Bangladesh ( AFP \/ Salahuddin Ahmed )<\/p>\n<p>\n La rougeole est consid\u00e9r\u00e9e comme l&rsquo;une des maladies les plus contagieuses au monde par l&rsquo;Organisation mondiale de la sant\u00e9 (OMS), qui estime \u00e0 95.000 le nombre de morts qu&rsquo;elle provoque chaque ann\u00e9e, surtout chez les enfants non-vaccin\u00e9s de moins de 5 ans.\n<\/p>\n<p>\n \u00ab\u00a0J&rsquo;ai fait le tour de plusieurs h\u00f4pitaux depuis juillet pour trouver un vaccin pour mon fils\u00a0\u00bb, se d\u00e9sesp\u00e8re Sanjana Islam Modina, 19 ans, en ber\u00e7ant son enfant de 6 mois, Ayan, sous assistance respiratoire.\n<\/p>\n<p> \u00ab\u00a0Tr\u00e8s faible\u00a0\u00bb<\/p>\n<p>\n Le cr\u00e2ne du b\u00e9b\u00e9 est gr\u00eal\u00e9 des t\u00e2ches sombres caract\u00e9ristiques de la rougeole.\n<\/p>\n<p>        <img decoding=\"async\" src=\"https:\/\/www.europesays.com\/ch-fr\/wp-content\/uploads\/2026\/09\/a933e60cf25e072ef81be61c073769f7-760x507.jpg\" alt=\"Un enfant re\u00e7oit un traitement contre la rougeole \u00e0 l'h\u00f4pital Shishu, le 4 septembre 2026 \u00e0 Dacca, au Bangladesh ( AFP \/ Salahuddin Ahmed )\" loading=\"eager\" fetchpriority=\"high\" width=\"760\" height=\"507\" style=\"max-width: 100%!important; height: auto;\"\/><\/p>\n<p class=\"c-image-news__legend\">Un enfant re\u00e7oit un traitement contre la rougeole \u00e0 l&rsquo;h\u00f4pital Shishu, le 4 septembre 2026 \u00e0 Dacca, au Bangladesh ( AFP \/ Salahuddin Ahmed )<\/p>\n<p>\n Il a \u00e9t\u00e9 admis \u00e0 l&rsquo;h\u00f4pital en juillet pour une pneumonie et a ensuite \u00e9t\u00e9 contamin\u00e9 par le virus. Il a \u00e9t\u00e9 hospitalis\u00e9 mi-ao\u00fbt en soins intensifs avant de rejoindre le service d\u00e9di\u00e9 aux malades de la rougeole.\n<\/p>\n<p>\n Celui de l&rsquo;h\u00f4pital Shishu en accueille 101, pour des cas soup\u00e7onn\u00e9s ou av\u00e9r\u00e9s de la maladie.\n<\/p>\n<p>\n Dans sa chambre, Sanjana Islam Modina a du mal \u00e0 apaiser son fils. \u00ab\u00a0Il est sous oxyg\u00e8ne en permanence depuis cinq jours\u00a0\u00bb, dit-elle, \u00ab\u00a0ses poumons \u00e9taient d\u00e9j\u00e0 tr\u00e8s faibles avec la pneumonie, la rougeole n&rsquo;a fait qu&rsquo;aggraver leur \u00e9tat\u00a0\u00bb.\n<\/p>\n<p>\n Les m\u00e9decins regrettent que beaucoup de parents ne se d\u00e9cident \u00e0 amener leur enfant \u00e0 l&rsquo;h\u00f4pital que lorsqu&rsquo;il est d\u00e9j\u00e0 dans un \u00e9tat s\u00e9rieux. Souvent trop tard.\n<\/p>\n<p>        <img decoding=\"async\" src=\"https:\/\/www.europesays.com\/ch-fr\/wp-content\/uploads\/2026\/09\/7ada3b8822b0a5228ba0c48f73577298-760x507.jpg\" alt=\"Un enfant re\u00e7oit un traitement contre la rougeole \u00e0 l'h\u00f4pital Shishu, le 4 septembre 2026 \u00e0 Dacca, au Bangladesh ( AFP \/ Salahuddin Ahmed )\" loading=\"eager\" fetchpriority=\"high\" width=\"760\" height=\"507\" style=\"max-width: 100%!important; height: auto;\"\/><\/p>\n<p class=\"c-image-news__legend\">Un enfant re\u00e7oit un traitement contre la rougeole \u00e0 l&rsquo;h\u00f4pital Shishu, le 4 septembre 2026 \u00e0 Dacca, au Bangladesh ( AFP \/ Salahuddin Ahmed )<\/p>\n<p>\n Et ils observent que nombre de leurs patients souffrent de malnutrition, aggravant leur \u00e9tat.\n<\/p>\n<p>\n Ayan appartient \u00e0 cette cat\u00e9gorie.\n<\/p>\n<p>\n \u00ab\u00a0Les docteurs ont prescrit \u00e0 mon fils un lait sp\u00e9cialement destin\u00e9 aux enfants malnutris\u00a0\u00bb, confirme sa m\u00e8re en essuyant le front de l&rsquo;enfant, baign\u00e9 de sueur.\n<\/p>\n<p>\n L&rsquo;\u00e9pid\u00e9mie de rougeole a mis en lumi\u00e8re les failles du syst\u00e8me de pr\u00e9vention des maladies infantiles.\n<\/p>\n<p> Vaccination d&rsquo;urgence<\/p>\n<p>\n Elle est \u00ab\u00a0accablante\u00a0\u00bb, a reconnu SM Ziauddin Hyder, le conseiller pour les affaires de sant\u00e9 du Premier ministre Tarique Rahman.\n<\/p>\n<p>        <img decoding=\"async\" src=\"https:\/\/www.europesays.com\/ch-fr\/wp-content\/uploads\/2026\/09\/f42c79e11bf3e370c1e3b6b15190c944-760x507.jpg\" alt=\"SM Ziauddin Hyder, le conseiller pour les affaires de sant\u00e9 du Premier ministre Tarique Rahman, lors d'une interview avec l'AFP \u00e0 Dacca, le 3 septembre 2026 au Bangladesh ( AFP \/ Sukanta KUMAR )\" loading=\"eager\" fetchpriority=\"high\" width=\"760\" height=\"507\" style=\"max-width: 100%!important; height: auto;\"\/><\/p>\n<p class=\"c-image-news__legend\">SM Ziauddin Hyder, le conseiller pour les affaires de sant\u00e9 du Premier ministre Tarique Rahman, lors d&rsquo;une interview avec l&rsquo;AFP \u00e0 Dacca, le 3 septembre 2026 au Bangladesh ( AFP \/ Sukanta KUMAR )<\/p>\n<p>\n Le Bangladesh a longtemps \u00e9t\u00e9 lou\u00e9 pour ses efforts de lutte contre les maladies infectieuses. Mais le chaos politique et la d\u00e9sorganisation de l&rsquo;administration qui ont suivi la chute du gouvernement de Sheikh Hasina en 2024 ont ruin\u00e9 ces efforts.\n<\/p>\n<p>\n Et les campagnes de vaccination d&rsquo;urgence ordonn\u00e9es depuis le printemps n&rsquo;ont pas permis de r\u00e9tablir la situation. \u00ab\u00a0Un nombre significatif d&rsquo;enfants n&rsquo;ont pas pu b\u00e9n\u00e9ficier de leurs doses\u00a0\u00bb, explique M. Hyder, \u00ab\u00a0nous essayons de combler notre retard\u00a0\u00bb.\n<\/p>\n<p>\n Ex-patron de l&rsquo;Institut de contr\u00f4le et de recherche sur les maladies (IEDCR), l&rsquo;\u00e9pid\u00e9miologiste Mahmudur Rahman doute que cela soit suffisant.\n<\/p>\n<p>        <img decoding=\"async\" src=\"https:\/\/www.europesays.com\/ch-fr\/wp-content\/uploads\/2026\/09\/0050cd72114b363058ad3d1e691eb59c-760x507.jpg\" alt=\"Des parents attendent avec leurs enfants \u00e0 l'h\u00f4pital Shishu de recevoir un traitement contre la rougeole, le 3 septembre 2026 \u00e0 Dacca, au Bangladesh ( AFP \/ Salahuddin Ahmed )\" loading=\"eager\" fetchpriority=\"high\" width=\"760\" height=\"507\" style=\"max-width: 100%!important; height: auto;\"\/><\/p>\n<p class=\"c-image-news__legend\">Des parents attendent avec leurs enfants \u00e0 l&rsquo;h\u00f4pital Shishu de recevoir un traitement contre la rougeole, le 3 septembre 2026 \u00e0 Dacca, au Bangladesh ( AFP \/ Salahuddin Ahmed )<\/p>\n<p>\n \u00ab\u00a0Des groupes d&rsquo;experts doivent d\u00e9terminer (&#8230;) si d&rsquo;autres vaccinations sont requises et des \u00e9tudes sur l&rsquo;efficacit\u00e9 des vaccins sont \u00e9galement n\u00e9cessaires, rapidement\u00a0\u00bb, prescrit le Dr Rahman.\n<\/p>\n<p>\n Il insiste \u00e9galement sur l&rsquo;importance de l&rsquo;isolement des malades et de l&rsquo;information des parents.\n<\/p>\n<p>\n Rima Akter assure qu&rsquo;elle n&rsquo;en a pas besoin.\n<\/p>\n<p>\n \u00ab\u00a0On sait combien cette maladie est contagieuse\u00a0\u00bb, dit-elle. \u00ab\u00a0Notre fils a d&rsquo;abord \u00e9t\u00e9 admis \u00e0 l&rsquo;h\u00f4pital pour une bronchite. Et puis apr\u00e8s en \u00eatre sorti, il a d\u00fb y retourner \u00e0 cause de la rougeole\u00a0\u00bb.<\/p>\n","protected":false},"excerpt":{"rendered":"Un enfant re\u00e7oit un traitement contre la rougeole \u00e0 l&rsquo;h\u00f4pital Shishu, le 4 septembre 2026 \u00e0 Dacca, au&hellip;\n","protected":false},"author":2,"featured_media":292875,"comment_status":"","ping_status":"","sticky":false,"template":"","format":"standard","meta":{"footnotes":"","_share_on_mastodon":"0"},"categories":[9],"tags":[48,46,56,53,83,51,50,47,52,84,49,23,54,55],"class_list":["post-292874","post","type-post","status-publish","format-standard","has-post-thumbnail","category-sante","tag-action-cac-40","tag-bourse-de-paris","tag-boursorama","tag-cotations","tag-health","tag-indices-devises","tag-investir","tag-investissement","tag-marche-boursier","tag-sante","tag-sicav","tag-suisse","tag-trackers","tag-warrants"],"share_on_mastodon":{"url":"https:\/\/pubeurope.com\/@ch_fr\/117217945924839606","error":""},"_links":{"self":[{"href":"https:\/\/www.europesays.com\/ch-fr\/wp-json\/wp\/v2\/posts\/292874","targetHints":{"allow":["GET"]}}],"collection":[{"href":"https:\/\/www.europesays.com\/ch-fr\/wp-json\/wp\/v2\/posts"}],"about":[{"href":"https:\/\/www.europesays.com\/ch-fr\/wp-json\/wp\/v2\/types\/post"}],"author":[{"embeddable":true,"href":"https:\/\/www.europesays.com\/ch-fr\/wp-json\/wp\/v2\/users\/2"}],"replies":[{"embeddable":true,"href":"https:\/\/www.europesays.com\/ch-fr\/wp-json\/wp\/v2\/comments?post=292874"}],"version-history":[{"count":0,"href":"https:\/\/www.europesays.com\/ch-fr\/wp-json\/wp\/v2\/posts\/292874\/revisions"}],"wp:featuredmedia":[{"embeddable":true,"href":"https:\/\/www.europesays.com\/ch-fr\/wp-json\/wp\/v2\/media\/292875"}],"wp:attachment":[{"href":"https:\/\/www.europesays.com\/ch-fr\/wp-json\/wp\/v2\/media?parent=292874"}],"wp:term":[{"taxonomy":"category","embeddable":true,"href":"https:\/\/www.europesays.com\/ch-fr\/wp-json\/wp\/v2\/categories?post=292874"},{"taxonomy":"post_tag","embeddable":true,"href":"https:\/\/www.europesays.com\/ch-fr\/wp-json\/wp\/v2\/tags?post=292874"}],"curies":[{"name":"wp","href":"https:\/\/api.w.org\/{rel}","templated":true}]}}