{"id":292880,"date":"2026-09-05T10:26:29","date_gmt":"2026-09-05T10:26:29","guid":{"rendered":"https:\/\/www.europesays.com\/ch-fr\/292880\/"},"modified":"2026-09-05T10:26:29","modified_gmt":"2026-09-05T10:26:29","slug":"nestle-decele-un-potentiel-pour-la-marque-cailler-a-letranger-2","status":"publish","type":"post","link":"https:\/\/www.europesays.com\/ch-fr\/292880\/","title":{"rendered":"Nestl\u00e9 d\u00e9c\u00e8le un potentiel pour la marque Cailler \u00e0 l&rsquo;\u00e9tranger"},"content":{"rendered":"<p class=\"wysiwyg-h2\">Nestl\u00e9 pourrait commercialiser les produits Cailler \u00e9galement \u00e0 l&rsquo;\u00e9tranger. Selon le directeur de Nestl\u00e9 Suisse, C\u00e9dric Boehm, le parc d&rsquo;attraction consacr\u00e9 au chocolat pr\u00e9vu \u00e0 Broc, dans le canton de Fribourg, devrait relancer l&rsquo;int\u00e9r\u00eat pour la marque bicentenaire.<\/p>\n<p>&lsquo;Je vois l\u00e0 un r\u00e9el potentiel&rsquo;, a expliqu\u00e9 le responsable dans une interview vendredi aux journaux du groupe CH-Media. La Maison Cailler de Broc accueille chaque ann\u00e9e un demi-million de visiteurs. Avec la construction du parc d&rsquo;attraction, la fr\u00e9quentation devrait augmenter consid\u00e9rablement, selon M. Boehm.<\/p>\n<p>La notori\u00e9t\u00e9 internationale de Cailler va se renforcer, au fur et \u00e0 mesure que des personnes venues de l&rsquo;\u00e9tranger d\u00e9couvriront la marque, \u00e0 en croire le dirigeant.<\/p>\n<p>Le parc d&rsquo;attraction devrait voir le jour dans les ann\u00e9es \u00e0 venir. Des investisseurs locaux financeraient et r\u00e9aliseraient le projet. Quelque 400 millions de francs doivent \u00eatre investis \u00e0 Broc, une moiti\u00e9 pour le parc et l&rsquo;autre pour des infrastructures comme des h\u00f4tels, un parking souterrain de 700 places et un t\u00e9l\u00e9ph\u00e9rique.<\/p>\n<p>Selon Nestl\u00e9, Cailler est la plus ancienne marque suisse de chocolat encore en activit\u00e9. Elle peut se pr\u00e9valoir d&rsquo;une histoire de plus de 200 ans.<\/p>\n<p> \/ATS<\/p>\n","protected":false},"excerpt":{"rendered":"Nestl\u00e9 pourrait commercialiser les produits Cailler \u00e9galement \u00e0 l&rsquo;\u00e9tranger. Selon le directeur de Nestl\u00e9 Suisse, C\u00e9dric Boehm, le&hellip;\n","protected":false},"author":2,"featured_media":292881,"comment_status":"","ping_status":"","sticky":false,"template":"","format":"standard","meta":{"footnotes":"","_share_on_mastodon":"0"},"categories":[6],"tags":[121,124,128,45,119,44,43,122,123,118,136,132,131,133,130,135,120,126,117,125,114,115,116,23,129,127,134],"class_list":["post-292880","post","type-post","status-publish","format-standard","has-post-thumbnail","category-economie","tag-ajoie","tag-animation","tag-bienne","tag-business","tag-delemont","tag-economie","tag-economy","tag-franches-montagnes","tag-frequence","tag-jura","tag-jura-bernois","tag-la-chaux-de-fonds","tag-moutier","tag-neuchatel","tag-neuveville","tag-payerne","tag-porrentruy","tag-publicite","tag-radio","tag-redaction","tag-rfj","tag-rjb","tag-rtn","tag-suisse","tag-tavannes","tag-vallon-de-st-imier","tag-yverdon"],"share_on_mastodon":{"url":"https:\/\/pubeurope.com\/@ch_fr\/117217957329871143","error":""},"_links":{"self":[{"href":"https:\/\/www.europesays.com\/ch-fr\/wp-json\/wp\/v2\/posts\/292880","targetHints":{"allow":["GET"]}}],"collection":[{"href":"https:\/\/www.europesays.com\/ch-fr\/wp-json\/wp\/v2\/posts"}],"about":[{"href":"https:\/\/www.europesays.com\/ch-fr\/wp-json\/wp\/v2\/types\/post"}],"author":[{"embeddable":true,"href":"https:\/\/www.europesays.com\/ch-fr\/wp-json\/wp\/v2\/users\/2"}],"replies":[{"embeddable":true,"href":"https:\/\/www.europesays.com\/ch-fr\/wp-json\/wp\/v2\/comments?post=292880"}],"version-history":[{"count":0,"href":"https:\/\/www.europesays.com\/ch-fr\/wp-json\/wp\/v2\/posts\/292880\/revisions"}],"wp:featuredmedia":[{"embeddable":true,"href":"https:\/\/www.europesays.com\/ch-fr\/wp-json\/wp\/v2\/media\/292881"}],"wp:attachment":[{"href":"https:\/\/www.europesays.com\/ch-fr\/wp-json\/wp\/v2\/media?parent=292880"}],"wp:term":[{"taxonomy":"category","embeddable":true,"href":"https:\/\/www.europesays.com\/ch-fr\/wp-json\/wp\/v2\/categories?post=292880"},{"taxonomy":"post_tag","embeddable":true,"href":"https:\/\/www.europesays.com\/ch-fr\/wp-json\/wp\/v2\/tags?post=292880"}],"curies":[{"name":"wp","href":"https:\/\/api.w.org\/{rel}","templated":true}]}}