{"id":292882,"date":"2026-09-05T10:28:04","date_gmt":"2026-09-05T10:28:04","guid":{"rendered":"https:\/\/www.europesays.com\/ch-fr\/292882\/"},"modified":"2026-09-05T10:28:04","modified_gmt":"2026-09-05T10:28:04","slug":"orangs-outans-une-mere-et-son-petit-sauves-des-incendies-a-borneo","status":"publish","type":"post","link":"https:\/\/www.europesays.com\/ch-fr\/292882\/","title":{"rendered":"Orangs-outans: une m\u00e8re et son petit sauv\u00e9s des incendies \u00e0 Born\u00e9o"},"content":{"rendered":"\n<p>        \u2013   <\/p>\n<p> Une m\u00e8re orang-outan et son petit sauv\u00e9s des fum\u00e9es en Indon\u00e9sie <\/p>\n<p class=\"lead regular externalicon-big astro-odojtzmo\"> Les autorit\u00e9s indon\u00e9siennes ont \u00e9vacu\u00e9 deux grands singes menac\u00e9s par les feux de tourbi\u00e8re dans la province de Kalimantan central.  <\/p>\n<p>               Mis \u00e0 jour: 03.09.2026, 19h44                             LinkedIn Lien copi\u00e9 Error occurred        Facebook Lien copi\u00e9 Error occurred        X Lien copi\u00e9 Error occurred           E-mail Lien copi\u00e9 Error occurred        Copier le lien Lien copi\u00e9 Error occurred                    <img decoding=\"async\" loading=\"eager\" fetchpriority=\"high\" src=\"https:\/\/www.europesays.com\/ch-fr\/wp-content\/uploads\/2026\/09\/CHM7c34lavz8OcEi0nlkxa.jpg\" data-image-url=\"https:\/\/www.europesays.com\/ch-fr\/wp-content\/uploads\/2026\/09\/CHM7c34lavz8OcEi0nlkxa.jpg\" alt=\"Orang-outan au pelage roux en for\u00eat tropicale de Born\u00e9o, Sarawak, Malaisie. Esp\u00e8ce en danger critique d\u2019extinction selon l\u2019UICN.\" title=\"Orang-outan au pelage roux en for\u00eat tropicale de Born\u00e9o, Sarawak, Malaisie. Esp\u00e8ce en danger critique d\u2019extinction selon l\u2019UICN.\" class=\"ResponsiveImage responsive-image astro-xbt4piv4\" style=\"background-color:#3D5625\" onload=\"this.style.backgroundColor = &quot;transparent&quot;\"\/>           <\/p>\n<p>La femelle orang-outan a \u00e9t\u00e9 localis\u00e9e mercredi, accroch\u00e9e au sommet d\u2019un arbre dans la province de Kalimantan central (image d\u2019illustration).<\/p>\n<p>IMAGO\/HBLnetwork<\/p>\n<p class=\"astro-gkn4pfbc articleParagraph externalicon-big focus _content-width article-element astro-bqhs6jcx\">Deux orangs-outans, une m\u00e8re et son petit, ont \u00e9t\u00e9 \u00e9vacu\u00e9s et mis en s\u00e9curit\u00e9 alors qu\u2019ils \u00e9taient menac\u00e9s par les fum\u00e9es des <a class=\"noExternalIcon astro-bqhs6jcx\" target=\"_self\" href=\"https:\/\/www.24heures.ch\/indonesie-des-avions-creent-de-la-pluie-pour-eteindre-les-feux-956177694082\" data-article-link=\"https:\/\/www.24heures.ch\/indonesie-des-avions-creent-de-la-pluie-pour-eteindre-les-feux-956177694082\" rel=\"nofollow noopener\">incendies qui ravagent l\u2019\u00eele de Born\u00e9o<\/a>, ont annonc\u00e9 jeudi les autorit\u00e9s indon\u00e9siennes.<\/p>\n<p class=\"astro-gkn4pfbc articleParagraph externalicon-big focus _content-width article-element astro-bqhs6jcx\">Le vaste archipel lutte depuis des semaines pour contenir des incendies de for\u00eat qui ont recouvert certaines parties de Born\u00e9o et de Sumatra d\u2019une \u00e9paisse fum\u00e9e, laquelle a d\u00e9riv\u00e9 au-del\u00e0 des fronti\u00e8res vers la Malaisie, Singapour et les Philippines.<\/p>\n<p>  Localis\u00e9 la province de Kalimantan central<\/p>\n<p class=\"astro-gkn4pfbc articleParagraph externalicon-big focus _content-width article-element astro-bqhs6jcx\">\u00c0 la suite d\u2019un signalement, les autorit\u00e9s ont entrepris de localiser un orang-outan aper\u00e7u mercredi accroch\u00e9 au sommet d\u2019un arbre dans la province de Kalimantan central, a indiqu\u00e9 \u00e0 l\u2019AFP Muriansyah, un responsable de l\u2019agence locale de conservation des ressources naturelles, qui, comme beaucoup d\u2019Indon\u00e9siens, ne porte qu\u2019un seul nom.<\/p>\n<p class=\"astro-gkn4pfbc articleParagraph externalicon-big focus _content-width article-element astro-bqhs6jcx\">Le grand singe a \u00e9t\u00e9 d\u00e9couvert au milieu des fum\u00e9es s\u2019\u00e9levant des tourbi\u00e8res environnantes, ce qui a conduit \u00e0 l\u2019\u00e9vacuer imm\u00e9diatement vers un lieu s\u00fbr, a-t-il ajout\u00e9.<\/p>\n<p>      <img decoding=\"async\" loading=\"lazy\" src=\"https:\/\/www.europesays.com\/ch-fr\/wp-content\/uploads\/2026\/09\/CTWL24VfKeH8iqUoRmWUz_.jpg\" data-image-url=\"https:\/\/www.europesays.com\/ch-fr\/wp-content\/uploads\/2026\/09\/CTWL24VfKeH8iqUoRmWUz_.jpg\" alt=\"Des pompiers de Manggala Agni combattent un incendie de tourbi\u00e8re \u00e0 Ogan Ilir, Sumatra du Sud, Indon\u00e9sie, avec des lances \u00e0 eau.\" title=\"Des pompiers de Manggala Agni combattent un incendie de tourbi\u00e8re \u00e0 Ogan Ilir, Sumatra du Sud, Indon\u00e9sie, avec des lances \u00e0 eau.\" class=\"ResponsiveImage responsive-image astro-xbt4piv4\" style=\"background-color:#B58556\" onload=\"this.style.backgroundColor = &quot;transparent&quot;\"\/>           <\/p>\n<p>Les \u00eeles de Born\u00e9o et de Sumatra font face \u00e0 de gigantesques incendies de tourbi\u00e8re.<\/p>\n<p>IMAGO\/NurPhoto<\/p>\n<p class=\"astro-gkn4pfbc articleParagraph externalicon-big focus _content-width article-element astro-bqhs6jcx\">Au cours de l\u2019op\u00e9ration d\u2019\u00e9vacuation, les secours ont d\u00e9couvert que cette femelle portait un petit. \u00abSi nous ne proc\u00e9dions pas au sauvetage, je craignais pour la s\u00e9curit\u00e9 de l\u2019orang-outan\u00bb en raison des fum\u00e9es, a d\u00e9clar\u00e9 \u00e0 l\u2019AFP Muriansah.<\/p>\n<p> Pas de blessures<\/p>\n<p class=\"astro-gkn4pfbc articleParagraph externalicon-big focus _content-width article-element astro-bqhs6jcx\">La femelle orang-outan, dont l\u2019\u00e2ge est estim\u00e9 \u00e0 environ 20\u00a0ans, a \u00e9t\u00e9 baptis\u00e9e Raya, du nom d\u2019une rue voisine, o\u00f9 elle a \u00e9t\u00e9 d\u00e9couverte, tandis que son b\u00e9b\u00e9 de 1\u00a0an, \u00e9galement une femelle, a re\u00e7u le nom de Rayu, a ajout\u00e9 ce responsable.<\/p>\n<p class=\"astro-gkn4pfbc articleParagraph externalicon-big focus _content-width article-element astro-bqhs6jcx\">Un examen v\u00e9t\u00e9rinaire pr\u00e9liminaire a permis d\u2019\u00e9tablir que les orangs-outans n\u2019\u00e9taient pas bless\u00e9s et qu\u2019ils n\u2019avaient pas \u00e9t\u00e9 gravement affect\u00e9s par la fum\u00e9e.<\/p>\n<p class=\"astro-gkn4pfbc articleParagraph externalicon-big focus _content-width article-element astro-bqhs6jcx\">Les deux grands singes ont ensuite \u00e9t\u00e9 transport\u00e9s dans une clinique pour y \u00eatre observ\u00e9s, a d\u00e9clar\u00e9 Heriyanto, un responsable de l\u2019agence de conservation des ressources naturelles de la province de Kalimantan central, \u00e0 Born\u00e9o. \u00abS\u2019ils sont en bonne sant\u00e9 et peuvent \u00eatre rel\u00e2ch\u00e9s imm\u00e9diatement dans la nature, ils seront rel\u00e2ch\u00e9s\u00bb, a ajout\u00e9 Heriyanto, interrog\u00e9 par l\u2019AFP.<\/p>\n<p> La population d\u2019orangs-outans en d\u00e9clin<\/p>\n<p class=\"astro-gkn4pfbc articleParagraph externalicon-big focus _content-width article-element astro-bqhs6jcx\">Dans la r\u00e9gion de Kalimantan occidental, toujours sur l\u2019\u00eele de Born\u00e9o, au moins sept orangs-outans ont \u00e9t\u00e9 secourus le mois dernier en raison des incendies de for\u00eat.<\/p>\n<p class=\"astro-gkn4pfbc articleParagraph externalicon-big focus _content-width article-element astro-bqhs6jcx\">Les orangs-outans, dont la population est en fort d\u00e9clin, sont end\u00e9miques des for\u00eats de Sumatra, ainsi qu\u2019\u00e0 Born\u00e9o, territoire partag\u00e9 entre l\u2019Indon\u00e9sie, la Malaisie et Brunei. Leur nombre \u00e9tait estim\u00e9 \u00e0 environ 57\u2019000 \u00e0 Born\u00e9o, selon des chiffres datant de 2016.<\/p>\n<p class=\"astro-gkn4pfbc articleParagraph externalicon-big focus _content-width article-element astro-bqhs6jcx\">On comptait par ailleurs environ 11\u2019000\u00a0individus \u00e0 Sumatra, selon une \u00e9tude indon\u00e9sienne men\u00e9e entre 2021 et 2023. \u00c0 Sumatra, de nombreux orangs-outans, notamment de l\u2019esp\u00e8ce Tapanuli, ont p\u00e9ri dans les inondations qui ont ravag\u00e9 une partie de l\u2019\u00eele en novembre et d\u00e9cembre derniers.<\/p>\n<p class=\"boxtitle astro-hwrdf5ss astro-bqhs6jcx\">Lire aussi sur l\u2019Indon\u00e9sie<\/p>\n<p>      Newsletter    <\/p>\n<p>\u00abLe meilleur du journalisme europ\u00e9en\u00bb<\/p>\n<p> Plongez dans notre s\u00e9lection d\u2019articles issus de nos partenaires LENA. <\/p>\n<p class=\"astro-2yzsvld2\"> <a class=\"more astro-2yzsvld2\" href=\"https:\/\/www.24heures.ch\/nos-newsletters\" rel=\"nofollow noopener\" target=\"_blank\"> Autres newsletters <\/a> <\/p>\n<p>       Se connecter       <\/p>\n","protected":false},"excerpt":{"rendered":"\u2013 Une m\u00e8re orang-outan et son petit sauv\u00e9s des fum\u00e9es en Indon\u00e9sie Les autorit\u00e9s indon\u00e9siennes ont \u00e9vacu\u00e9 deux&hellip;\n","protected":false},"author":2,"featured_media":292883,"comment_status":"","ping_status":"","sticky":false,"template":"","format":"standard","meta":{"footnotes":"","_share_on_mastodon":"0"},"categories":[5],"tags":[11309,40,41,42],"class_list":["post-292882","post","type-post","status-publish","format-standard","has-post-thumbnail","category-international","tag-facts","tag-international","tag-world","tag-world-news"],"share_on_mastodon":{"url":"https:\/\/pubeurope.com\/@ch_fr\/117217965882635777","error":""},"_links":{"self":[{"href":"https:\/\/www.europesays.com\/ch-fr\/wp-json\/wp\/v2\/posts\/292882","targetHints":{"allow":["GET"]}}],"collection":[{"href":"https:\/\/www.europesays.com\/ch-fr\/wp-json\/wp\/v2\/posts"}],"about":[{"href":"https:\/\/www.europesays.com\/ch-fr\/wp-json\/wp\/v2\/types\/post"}],"author":[{"embeddable":true,"href":"https:\/\/www.europesays.com\/ch-fr\/wp-json\/wp\/v2\/users\/2"}],"replies":[{"embeddable":true,"href":"https:\/\/www.europesays.com\/ch-fr\/wp-json\/wp\/v2\/comments?post=292882"}],"version-history":[{"count":0,"href":"https:\/\/www.europesays.com\/ch-fr\/wp-json\/wp\/v2\/posts\/292882\/revisions"}],"wp:featuredmedia":[{"embeddable":true,"href":"https:\/\/www.europesays.com\/ch-fr\/wp-json\/wp\/v2\/media\/292883"}],"wp:attachment":[{"href":"https:\/\/www.europesays.com\/ch-fr\/wp-json\/wp\/v2\/media?parent=292882"}],"wp:term":[{"taxonomy":"category","embeddable":true,"href":"https:\/\/www.europesays.com\/ch-fr\/wp-json\/wp\/v2\/categories?post=292882"},{"taxonomy":"post_tag","embeddable":true,"href":"https:\/\/www.europesays.com\/ch-fr\/wp-json\/wp\/v2\/tags?post=292882"}],"curies":[{"name":"wp","href":"https:\/\/api.w.org\/{rel}","templated":true}]}}