{"id":292888,"date":"2026-09-05T10:35:13","date_gmt":"2026-09-05T10:35:13","guid":{"rendered":"https:\/\/www.europesays.com\/ch-fr\/292888\/"},"modified":"2026-09-05T10:35:13","modified_gmt":"2026-09-05T10:35:13","slug":"bibliotheque-dobjets-le-cap-des-100000-prets-franchi-a-geneve-2","status":"publish","type":"post","link":"https:\/\/www.europesays.com\/ch-fr\/292888\/","title":{"rendered":"Biblioth\u00e8que d&rsquo;objets: le cap des 100&rsquo;000 pr\u00eats franchi \u00e0 Gen\u00e8ve"},"content":{"rendered":"<p>Fond\u00e9e en 2018 pour lutter contre la surconsommation, la coop\u00e9rative genevoise La Manivelle vient de passer un cap historique. Avec plus de 4500 objets en catalogue, elle remplace l&rsquo;achat individuel par le partage.<\/p>\n<p>Une perceuse, une machine \u00e0 pop-corn, un paddle ou une boule \u00e0 facettes: \u00e0 Gen\u00e8ve, ces objets du quotidien ne s&rsquo;ach\u00e8tent plus, ils s&#8217;empruntent. La formule s\u00e9duit de plus en plus de Romands et de Romandes. <a href=\"https:\/\/manivelle.ch\/\" class=\"inline-link\" title=\"Accueil - LaManivelle\" data-item-id=\"richtext_link\" data-rts-ece-id=\"43ae57cf-1868-3db7-84ba-ef90db005dd3\" target=\"_blank\" rel=\"noopener nofollow\">La Manivelle<\/a>, la plus grande biblioth\u00e8que d&rsquo;objets de Suisse, vient ainsi d&rsquo;enregistrer son 100&rsquo;000e pr\u00eat depuis sa cr\u00e9ation il y a huit ans.<\/p>\n<p>\u00ab\u00a0On vient de passer un cap \u00e9norme\u00a0\u00bb, se r\u00e9jouit Julien Diebolt, responsable de la communication et responsable de l&rsquo;antenne des P\u00e2quis \u00e0 Gen\u00e8ve. Pour cette structure \u00e0 but non lucratif, ce chiffre valide un mod\u00e8le alternatif bas\u00e9 sur le bon sens et l&rsquo;\u00e9conomie circulaire.<\/p>\n<p>   <img decoding=\"async\" class=\"embed-responsive-item\" loading=\"lazy\" src=\"https:\/\/www.europesays.com\/ch-fr\/wp-content\/uploads\/2026\/09\/1788604513_896_ff9d5eae-29347435.image.jpeg\" alt=\"A Gen\u00e8ve, la Manivelle vient de d\u00e9passer le cap symbolique des 100'000 objets emprunt\u00e9s.\"\/>    A Gen\u00e8ve, la Manivelle vient de d\u00e9passer le cap symbolique des 100&rsquo;000 objets emprunt\u00e9s \/ Verticale RTSinfo \/ 2 min. \/ hier \u00e0 10:38 Partager plut\u00f4t qu&rsquo;encombrer ses placards<\/p>\n<p>Le constat de d\u00e9part est simple: nous accumulons des objets dont nous ne nous servons presque jamais. \u00ab\u00a0Une perceuse, c&rsquo;est utilis\u00e9 en moyenne treize minutes dans une vie\u00a0\u00bb, rappelle Julien Diebolt. L&rsquo;id\u00e9e de La Manivelle est donc de mutualiser ces ressources pour que plusieurs personnes partagent le m\u00eame outil au lieu que chacun poss\u00e8de le sien.<\/p>\n<p>Aujourd&rsquo;hui, la coop\u00e9rative propose plus de 4500 objets r\u00e9partis sur cinq antennes \u00e0 Gen\u00e8ve. Le catalogue, accessible sur leur site internet, couvre tous les besoins: du bricolage au mat\u00e9riel de camping, en passant par les \u00e9quipements de nettoyage, de sport ou de f\u00eate.<\/p>\n<p>R\u00e9parer pour prolonger la dur\u00e9e de vie<\/p>\n<p>La durabilit\u00e9 est au c\u0153ur du projet de la coop\u00e9rative. Environ 80% des objets du catalogue proviennent de dons de particuliers.<\/p>\n<p>Pour faire face \u00e0 l&rsquo;usure et \u00e0 l&rsquo;obsolescence, La Manivelle s&rsquo;appuie sur son propre atelier de r\u00e9paration. L&rsquo;objectif est de remettre en service les appareils d\u00e9fectueux plut\u00f4t que de les jeter. En cas de casse par l&rsquo;utilisateur, la bienveillance reste de mise, m\u00eame si des p\u00e9nalit\u00e9s ou des frais de remplacement peuvent \u00eatre factur\u00e9s en cas de n\u00e9gligence av\u00e9r\u00e9e.<\/p>\n<p class=\"sources\">H\u00e9l\u00e8ne Joaquim<\/p>\n","protected":false},"excerpt":{"rendered":"Fond\u00e9e en 2018 pour lutter contre la surconsommation, la coop\u00e9rative genevoise La Manivelle vient de passer un cap&hellip;\n","protected":false},"author":2,"featured_media":292889,"comment_status":"","ping_status":"","sticky":false,"template":"","format":"standard","meta":{"footnotes":"","_share_on_mastodon":"0"},"categories":[17],"tags":[3637,818,3113,44,344,355,170,169,63854,63855,238,23],"class_list":["post-292888","post","type-post","status-publish","format-standard","has-post-thumbnail","category-geneve","tag-achat","tag-canton-de-geneve","tag-catalogue","tag-economie","tag-economie-et-finances","tag-environnement","tag-geneva","tag-geneve","tag-la-manivelle","tag-manivelle","tag-societe","tag-suisse"],"share_on_mastodon":{"url":"https:\/\/pubeurope.com\/@ch_fr\/117217992958204453","error":""},"_links":{"self":[{"href":"https:\/\/www.europesays.com\/ch-fr\/wp-json\/wp\/v2\/posts\/292888","targetHints":{"allow":["GET"]}}],"collection":[{"href":"https:\/\/www.europesays.com\/ch-fr\/wp-json\/wp\/v2\/posts"}],"about":[{"href":"https:\/\/www.europesays.com\/ch-fr\/wp-json\/wp\/v2\/types\/post"}],"author":[{"embeddable":true,"href":"https:\/\/www.europesays.com\/ch-fr\/wp-json\/wp\/v2\/users\/2"}],"replies":[{"embeddable":true,"href":"https:\/\/www.europesays.com\/ch-fr\/wp-json\/wp\/v2\/comments?post=292888"}],"version-history":[{"count":0,"href":"https:\/\/www.europesays.com\/ch-fr\/wp-json\/wp\/v2\/posts\/292888\/revisions"}],"wp:featuredmedia":[{"embeddable":true,"href":"https:\/\/www.europesays.com\/ch-fr\/wp-json\/wp\/v2\/media\/292889"}],"wp:attachment":[{"href":"https:\/\/www.europesays.com\/ch-fr\/wp-json\/wp\/v2\/media?parent=292888"}],"wp:term":[{"taxonomy":"category","embeddable":true,"href":"https:\/\/www.europesays.com\/ch-fr\/wp-json\/wp\/v2\/categories?post=292888"},{"taxonomy":"post_tag","embeddable":true,"href":"https:\/\/www.europesays.com\/ch-fr\/wp-json\/wp\/v2\/tags?post=292888"}],"curies":[{"name":"wp","href":"https:\/\/api.w.org\/{rel}","templated":true}]}}