{"id":292925,"date":"2026-09-05T11:09:19","date_gmt":"2026-09-05T11:09:19","guid":{"rendered":"https:\/\/www.europesays.com\/ch-fr\/292925\/"},"modified":"2026-09-05T11:09:19","modified_gmt":"2026-09-05T11:09:19","slug":"indonesie-nouveau-sauvetage-dune-femelle-orang-outan-et-son-petit","status":"publish","type":"post","link":"https:\/\/www.europesays.com\/ch-fr\/292925\/","title":{"rendered":"Indon\u00e9sie: nouveau sauvetage d&rsquo;une femelle orang-outan et son petit"},"content":{"rendered":"<p>    <img src=\"https:\/\/www.europesays.com\/ch-fr\/wp-content\/uploads\/2026\/09\/935509c4ab299e4d46a25d54ec570dab21b9424a-92009463.jpg\" width=\"1400\" height=\"1050\" alt=\"\" loading=\"eager\" decoding=\"sync\" fetchpriority=\"high\"\/><\/p>\n<p>            Keystone-SDA        <\/p>\n<p>        Une femelle orang-outan et son petit, menac\u00e9s par la progression des incendies qui ravagent les \u00eeles indon\u00e9siennes de Born\u00e9o et Sumatra, ont \u00e9t\u00e9 secourus cette semaine, ont annonc\u00e9 les autorit\u00e9s samedi, quelques jours apr\u00e8s un autre sauvetage identique.\n<\/p>\n<p>        Ce contenu a \u00e9t\u00e9 publi\u00e9 sur    <\/p>\n<p>        05 septembre 2026 &#8211; 10:38\n<\/p>\n<p> (Keystone-ATS) Depuis des semaines, le vaste archipel d\u2019Asie du Sud-Est lutte contre des feux de for\u00eat qui recouvrent de fum\u00e9e toxique certaines parties de Born\u00e9o et de Sumatra.<\/p>\n<p>Le nuage de fum\u00e9e dangereuse pour les humains comme pour les animaux est arriv\u00e9 en Malaisie voisine, \u00e0 Singapour et aux Philippines.<\/p>\n<p>L\u2019orang-outan et son petit secourus \u00e9taient sous surveillance depuis le mois de juillet, apr\u00e8s avoir \u00e9t\u00e9 aper\u00e7us dans une zone de plantations pr\u00e8s d\u2019une for\u00eat du Kalimantan occidental, a indiqu\u00e9 une agence locale de conservation des ressources naturelles.<\/p>\n<p>Mais les autorit\u00e9s ont d\u00e9cid\u00e9 de les \u00e9vacuer jeudi vers un centre de sauvetage g\u00e9r\u00e9 par l\u2019organisation de protection de la faune Yayasan Inisiasi Alam Rehabilitasi Indonesia (YIARI), alors que l\u2019incendie se propageait.<\/p>\n<p>Leur \u00e9tat de sant\u00e9 est \u00e9troitement surveill\u00e9 par des v\u00e9t\u00e9rinaires, mais un examen pr\u00e9liminaire n\u2019a r\u00e9v\u00e9l\u00e9 aucune br\u00fblure chez les deux grands singes.<\/p>\n<p>Expos\u00e9s \u00e0 la fum\u00e9e<\/p>\n<p>\u00abL\u2019exposition prolong\u00e9e \u00e0 la fum\u00e9e (\u2026) peut affecter le syst\u00e8me respiratoire des orangs-outans, en particulier lorsque les concentrations de fum\u00e9e dans leur habitat sont tr\u00e8s \u00e9lev\u00e9es\u00bb, a d\u00e9clar\u00e9 dans un communiqu\u00e9 Komara, v\u00e9t\u00e9rinaire de la YIARI qui, comme de nombreux Indon\u00e9siens, ne porte qu\u2019un seul nom.<\/p>\n<p>Ce dernier sauvetage porte \u00e0 neuf le nombre d\u2019orangs-outans \u00e9vacu\u00e9s en moins d\u2019un mois en raison de la menace des feux de for\u00eat dans le district de Ketapang, dans la province de Kalimantan occidental, a indiqu\u00e9 Argitoe Ranting, directeur des op\u00e9rations de YIARI.<\/p>\n<p>\u00abCela montre que les incendies non seulement d\u00e9truisent les for\u00eats, mais privent aussi les animaux d\u2019abri et de nourriture\u00bb, a-t-il soulign\u00e9.<\/p>\n<p>Un orang-outan est mort apr\u00e8s avoir \u00e9t\u00e9 secouru la semaine derni\u00e8re. Son autopsie a r\u00e9v\u00e9l\u00e9 que l\u2019exposition \u00e0 la fum\u00e9e \u00e9tait la cause du d\u00e9c\u00e8s, a indiqu\u00e9 l\u2019agence de conservation des ressources naturelles du Kalimantan occidental.<\/p>\n<p>Les orangs-outans, dont la population est en fort d\u00e9clin, sont end\u00e9miques des for\u00eats de Sumatra, ainsi qu\u2019\u00e0 Born\u00e9o, territoire partag\u00e9 entre l\u2019Indon\u00e9sie, la Malaisie et Brunei.<\/p>\n<p>Leur nombre \u00e9tait estim\u00e9 \u00e0 environ 57\u2019000 \u00e0 Born\u00e9o, selon des chiffres datant de 2016. On comptait par ailleurs environ 11\u2019000 individus \u00e0 Sumatra, selon une \u00e9tude indon\u00e9sienne men\u00e9e entre 2021 et 2023.<\/p>\n","protected":false},"excerpt":{"rendered":"Keystone-SDA Une femelle orang-outan et son petit, menac\u00e9s par la progression des incendies qui ravagent les \u00eeles indon\u00e9siennes&hellip;\n","protected":false},"author":2,"featured_media":292926,"comment_status":"","ping_status":"","sticky":false,"template":"","format":"standard","meta":{"footnotes":"","_share_on_mastodon":"0"},"categories":[4],"tags":[22,21,23,36],"class_list":["post-292925","post","type-post","status-publish","format-standard","has-post-thumbnail","category-actualites","tag-actualites","tag-news","tag-suisse","tag-ticker"],"share_on_mastodon":{"url":"https:\/\/pubeurope.com\/@ch_fr\/117218126915817747","error":""},"_links":{"self":[{"href":"https:\/\/www.europesays.com\/ch-fr\/wp-json\/wp\/v2\/posts\/292925","targetHints":{"allow":["GET"]}}],"collection":[{"href":"https:\/\/www.europesays.com\/ch-fr\/wp-json\/wp\/v2\/posts"}],"about":[{"href":"https:\/\/www.europesays.com\/ch-fr\/wp-json\/wp\/v2\/types\/post"}],"author":[{"embeddable":true,"href":"https:\/\/www.europesays.com\/ch-fr\/wp-json\/wp\/v2\/users\/2"}],"replies":[{"embeddable":true,"href":"https:\/\/www.europesays.com\/ch-fr\/wp-json\/wp\/v2\/comments?post=292925"}],"version-history":[{"count":0,"href":"https:\/\/www.europesays.com\/ch-fr\/wp-json\/wp\/v2\/posts\/292925\/revisions"}],"wp:featuredmedia":[{"embeddable":true,"href":"https:\/\/www.europesays.com\/ch-fr\/wp-json\/wp\/v2\/media\/292926"}],"wp:attachment":[{"href":"https:\/\/www.europesays.com\/ch-fr\/wp-json\/wp\/v2\/media?parent=292925"}],"wp:term":[{"taxonomy":"category","embeddable":true,"href":"https:\/\/www.europesays.com\/ch-fr\/wp-json\/wp\/v2\/categories?post=292925"},{"taxonomy":"post_tag","embeddable":true,"href":"https:\/\/www.europesays.com\/ch-fr\/wp-json\/wp\/v2\/tags?post=292925"}],"curies":[{"name":"wp","href":"https:\/\/api.w.org\/{rel}","templated":true}]}}