{"id":292945,"date":"2026-09-05T11:34:15","date_gmt":"2026-09-05T11:34:15","guid":{"rendered":"https:\/\/www.europesays.com\/ch-fr\/292945\/"},"modified":"2026-09-05T11:34:15","modified_gmt":"2026-09-05T11:34:15","slug":"autoroute-412-bouchons-bruit-environnement-pourquoi-geneve-ne-veut-pas-de-cette-autoroute","status":"publish","type":"post","link":"https:\/\/www.europesays.com\/ch-fr\/292945\/","title":{"rendered":"Autoroute 412\u00a0: bouchons, bruit, environnement\u2026 pourquoi Gen\u00e8ve ne veut pas de cette autoroute"},"content":{"rendered":"<p>\tLes travaux de l\u2019A412 ont d\u00e9but\u00e9 entre Machilly et Thonon. Mais de l\u2019autre c\u00f4t\u00e9 de la fronti\u00e8re, le projet suscite de fortes r\u00e9serves. Les autorit\u00e9s suisses craignent les effets sur son territoire.<\/p>\n<p>   Article r\u00e9serv\u00e9 aux abonn\u00e9s<\/p>\n<p>                    <a href=\"https:\/\/google.com\/preferences\/source?q=lemessager.fr\" target=\"_blank\" class=\"r-btn r-btn--outline-dark r-btn--google js-datalayer-click\" title=\"Ajouter sur Google\" data-clic-category=\"article\" data-clic-component=\"pr\u00e9f\u00e9rences\" data-clic-element-type=\"CTA\" data-clic-element-name=\"source\" pr=\"\" google=\"\" rel=\"nofollow noopener\"><\/p>\n<p>                      Ajouter aux sources pr\u00e9f\u00e9r\u00e9es sur Google<br \/>\n                  <\/a><\/p>\n<p>  <img decoding=\"async\" data-copyright=\"Eiffage\" class=\"r-img\"  typeof=\"foaf:Image\" src=\"https:\/\/www.europesays.com\/ch-fr\/wp-content\/uploads\/2026\/09\/76387055.png\" alt=\"L\u2019autoroute A412 entre Machilly et Thonon inqui\u00e8te les autorit\u00e9s suisses pour ses reports de trafic et ses cons\u00e9quences environnementales.\"\/>  <\/p>\n<p>Article<\/p>\n<p>  <img decoding=\"async\" class=\"r-img lazyloaded\" src=\"https:\/\/www.europesays.com\/ch-fr\/wp-content\/uploads\/2026\/09\/mathieu_carre_ok.jpg\" alt=\"\"\/><\/p>\n<p>\tPubli\u00e9: 5 Septembre 2026 \u00e0 07h00<\/p>\n<p>Temps de lecture:<br \/>\n3 min<\/p>\n<p>L\u2019A412 s\u2019arr\u00eatera \u00e0 Machilly. Pas forc\u00e9ment ses effets. C\u2019est, en substance, le message adress\u00e9 par le canton de Gen\u00e8ve, plusieurs communes frontali\u00e8res et l\u2019Office f\u00e9d\u00e9ral de l\u2019environnement (OFEV), associ\u00e9s \u00e0 la proc\u00e9dure fran\u00e7aise en raison des possibles cons\u00e9quences transfrontali\u00e8res du projet.<\/p>\n<p>&#13;<br \/>\n&#13;<\/p>\n<p>&#13;<br \/>\n&#13;<\/p>\n<p>   Cet article est r\u00e9serv\u00e9 aux abonn\u00e9s<\/p>\n<p>Pour lire la suite de cet article, abonnez-vous !<\/p>\n<p>L&rsquo;info locale claire, utile et proche de vous<\/p>\n<p>Sans engagement de dur\u00e9e.<\/p>\n<p>    <a class=\"r-btn r-btn--secondary js-sso--url\" id=\"btn_paywall_subscribe\" target=\"_self\" href=\"https:\/\/abonnement.lemessager.fr\/?backurl=[current-page:js-url]\" rel=\"nofollow noopener\">S&rsquo;abonner<\/a><\/p>\n<p>    Vous \u00eates d\u00e9j\u00e0 abonn\u00e9 ou inscrit ?<br \/><a class=\"js-sso--url\" id=\"btn_paywall_login\" href=\"https:\/\/ssov3.lemessager.fr\/product\/redirect?product_id=fr_lemessager&amp;return_to=[current-page:js-url]\" rel=\"nofollow noopener\" target=\"_blank\">Se connecter<\/a><\/p>\n<p>Contenus sponsoris\u00e9s<\/p>\n<p>&#13;<br \/>\n&#13;<\/p>\n<p>&#13;<br \/>\n&#13;<\/p>\n","protected":false},"excerpt":{"rendered":"Les travaux de l\u2019A412 ont d\u00e9but\u00e9 entre Machilly et Thonon. Mais de l\u2019autre c\u00f4t\u00e9 de la fronti\u00e8re, le&hellip;\n","protected":false},"author":2,"featured_media":292946,"comment_status":"","ping_status":"","sticky":false,"template":"","format":"standard","meta":{"footnotes":"","_share_on_mastodon":"0"},"categories":[17],"tags":[33588,170,169,22155,63876,23,20150],"class_list":["post-292945","post","type-post","status-publish","format-standard","has-post-thumbnail","category-geneve","tag-autoroute-a412","tag-geneva","tag-geneve","tag-genu00e8ve","tag-machilly-haute-savoie","tag-suisse","tag-thonon-les-bains-haute-savoie"],"share_on_mastodon":{"url":"https:\/\/pubeurope.com\/@ch_fr\/117218225278695665","error":""},"_links":{"self":[{"href":"https:\/\/www.europesays.com\/ch-fr\/wp-json\/wp\/v2\/posts\/292945","targetHints":{"allow":["GET"]}}],"collection":[{"href":"https:\/\/www.europesays.com\/ch-fr\/wp-json\/wp\/v2\/posts"}],"about":[{"href":"https:\/\/www.europesays.com\/ch-fr\/wp-json\/wp\/v2\/types\/post"}],"author":[{"embeddable":true,"href":"https:\/\/www.europesays.com\/ch-fr\/wp-json\/wp\/v2\/users\/2"}],"replies":[{"embeddable":true,"href":"https:\/\/www.europesays.com\/ch-fr\/wp-json\/wp\/v2\/comments?post=292945"}],"version-history":[{"count":0,"href":"https:\/\/www.europesays.com\/ch-fr\/wp-json\/wp\/v2\/posts\/292945\/revisions"}],"wp:featuredmedia":[{"embeddable":true,"href":"https:\/\/www.europesays.com\/ch-fr\/wp-json\/wp\/v2\/media\/292946"}],"wp:attachment":[{"href":"https:\/\/www.europesays.com\/ch-fr\/wp-json\/wp\/v2\/media?parent=292945"}],"wp:term":[{"taxonomy":"category","embeddable":true,"href":"https:\/\/www.europesays.com\/ch-fr\/wp-json\/wp\/v2\/categories?post=292945"},{"taxonomy":"post_tag","embeddable":true,"href":"https:\/\/www.europesays.com\/ch-fr\/wp-json\/wp\/v2\/tags?post=292945"}],"curies":[{"name":"wp","href":"https:\/\/api.w.org\/{rel}","templated":true}]}}