{"id":292967,"date":"2026-09-05T11:55:14","date_gmt":"2026-09-05T11:55:14","guid":{"rendered":"https:\/\/www.europesays.com\/ch-fr\/292967\/"},"modified":"2026-09-05T11:55:14","modified_gmt":"2026-09-05T11:55:14","slug":"shailene-woodley-raconte-comment-le-role-de-ses-reves-a-ete-coupe-au-montage","status":"publish","type":"post","link":"https:\/\/www.europesays.com\/ch-fr\/292967\/","title":{"rendered":"Shailene Woodley raconte comment le \u00ab\u00a0r\u00f4le de ses r\u00eaves\u00a0\u00bb a \u00e9t\u00e9 coup\u00e9 au montage"},"content":{"rendered":"<p>Vous l\u2019ignorez sans doute, mais <a href=\"https:\/\/www.20minutes.fr\/monde\/1940627-20161011-shailene-woodley-star-divergente-arretee-lors-manifestation\" target=\"_blank\" class=\"c-link c-link--is-underlined\" rel=\"nofollow noopener\">Shailene Woodley<\/a> aurait d\u00fb incarner le personnage de Mary Jane Watson dans The Amazing Spider-Man 2, \u00e0 l\u2019\u00e9poque o\u00f9 le costume de l\u2019homme-araign\u00e9e \u00e9tait dans la penderie d\u2019<a href=\"https:\/\/www.20minutes.fr\/arts-stars\/people\/4150448-20250427-andrew-garfield-veut-bien-renfiler-costume-spider-man-condition\" rel=\"nofollow noopener\" target=\"_blank\" class=\"c-link c-link--is-underlined\">Andrew Garfield<\/a>. Mieux encore, l\u2019actrice avait tourn\u00e9 des sc\u00e8nes pour le film avec la promesse d\u2019\u00eatre au centre du prochain volet de la saga, le personnage de Gwen incarn\u00e9 par Emma Stone \u00e9tant destin\u00e9 \u00e0 mourir \u00e0 la fin du film.<\/p>\n<p>\u00ab\u00a0J\u2019ai \u00e9t\u00e9 choisie pour incarner Mary Jane dans <a href=\"https:\/\/www.20minutes.fr\/gaming\/jeux_video\/4237947-20260805-spider-man-brand-new-day-inspire-scenes-jeux-video-licence\" rel=\"nofollow noopener\" target=\"_blank\" class=\"c-link c-link--is-underlined\">Spider-Man<\/a>, ce qui \u00e9tait mon r\u00eave. Oh mon Dieu, Spider-Man est mon super-h\u00e9ros pr\u00e9f\u00e9r\u00e9, et Mary Jane \u00e9tait mon personnage pr\u00e9f\u00e9r\u00e9 quand j\u2019\u00e9tais petite\u00a0\u00bb, a-t-elle racont\u00e9 dans un \u00e9pisode du format <a href=\"https:\/\/www.youtube.com\/watch?v=RJsx3tHDV7I\" rel=\"nofollow noopener\" target=\"_blank\" class=\"c-link c-link--is-underlined\">Conversations<\/a> de la SAG-AFTRA Foundation. \u00ab\u00a0Alors, quand j\u2019ai d\u00e9croch\u00e9 le r\u00f4le, j\u2019\u00e9tais tellement enthousiaste.\u00a0\u00bb<\/p>\n<p>Un r\u00eave devenu r\u00e9alit\u00e9 pour la star de la franchise Divergente qui \u00e9tait sur un nuage avant de recevoir un coup de fil d\u00e9cevant.<\/p>\n<p>Un appel \u00ab\u00a0amusant\u00a0\u00bb<\/p>\n<p>Un an apr\u00e8s le tournage, pour lequel elle avait jou\u00e9 dans trois sc\u00e8nes aux c\u00f4t\u00e9s d\u2019Andrew Garfield, Shailene Woodley a \u00e9t\u00e9 contact\u00e9e par l\u2019\u00e9quipe du film.<\/p>\n<p>\u00ab\u00a0Ils m\u2019ont dit\u00a0: \u00ab\u00a0Bon, tu n\u2019es plus dans le film\u00a0\u00bb. Et j\u2019ai r\u00e9pondu\u00a0: \u00ab\u00a0Quoi\u00a0? Comment \u00e7a\u00a0?\u00a0\u00bb Et ils m\u2019ont expliqu\u00e9 qu\u2019ils avaient introduit plein de nouveaux personnages dans ce dernier volet, et qu\u2019ils voulaient attendre de voir ce qui va se passer entre <a href=\"https:\/\/www.20minutes.fr\/arts-stars\/people\/4078289-20240226-emma-stone-nausee-pauvres-creatures-george-michael-piece-effigie\" rel=\"nofollow noopener\" target=\"_blank\" class=\"c-link c-link--is-underlined\">Emma Stone<\/a> et Andrew Garfield\u00a0\u00bb, s\u2019est-elle souvenue, avant de conclure sur un ton ironique\u00a0: \u00ab\u00a0C\u2019\u00e9tait un appel amusant.\u00a0\u00bb<\/p>\n<p>Plusieurs mois avant la sortie du film en\u00a02014, la suppression des sc\u00e8nes de Shailene Woodley au montage avait fuit\u00e9 dans la presse, et le r\u00e9alisateur Marc Webb avait ensuite expliqu\u00e9 qu\u2019il avait d\u00fb recentrer le r\u00e9cit autour de Peter Parker et Gwen sous la pression de la production, alors m\u00eame qu\u2019il \u00e9tait encore question, \u00e0 ce moment-l\u00e0, d\u2019encha\u00eener avec un troisi\u00e8me et m\u00eame un quatri\u00e8me film, lesquels n\u2019ont jamais vu le jour.<\/p>\n","protected":false},"excerpt":{"rendered":"Vous l\u2019ignorez sans doute, mais Shailene Woodley aurait d\u00fb incarner le personnage de Mary Jane Watson dans The&hellip;\n","protected":false},"author":2,"featured_media":292968,"comment_status":"","ping_status":"","sticky":false,"template":"","format":"standard","meta":{"footnotes":"","_share_on_mastodon":"0"},"categories":[15],"tags":[2687,55881,158,157,384,113,7453,112,139,1444,7135,159,7807,23,154],"class_list":["post-292967","post","type-post","status-publish","format-standard","has-post-thumbnail","category-people","tag-actrice","tag-andrew-garfield","tag-celebrities","tag-celebrity","tag-cinema","tag-divertissement","tag-emma-stone","tag-entertainment","tag-film","tag-hollywood","tag-marvel","tag-people","tag-spider-man","tag-suisse","tag-video"],"share_on_mastodon":{"url":"https:\/\/pubeurope.com\/@ch_fr\/117218307120633648","error":""},"_links":{"self":[{"href":"https:\/\/www.europesays.com\/ch-fr\/wp-json\/wp\/v2\/posts\/292967","targetHints":{"allow":["GET"]}}],"collection":[{"href":"https:\/\/www.europesays.com\/ch-fr\/wp-json\/wp\/v2\/posts"}],"about":[{"href":"https:\/\/www.europesays.com\/ch-fr\/wp-json\/wp\/v2\/types\/post"}],"author":[{"embeddable":true,"href":"https:\/\/www.europesays.com\/ch-fr\/wp-json\/wp\/v2\/users\/2"}],"replies":[{"embeddable":true,"href":"https:\/\/www.europesays.com\/ch-fr\/wp-json\/wp\/v2\/comments?post=292967"}],"version-history":[{"count":0,"href":"https:\/\/www.europesays.com\/ch-fr\/wp-json\/wp\/v2\/posts\/292967\/revisions"}],"wp:featuredmedia":[{"embeddable":true,"href":"https:\/\/www.europesays.com\/ch-fr\/wp-json\/wp\/v2\/media\/292968"}],"wp:attachment":[{"href":"https:\/\/www.europesays.com\/ch-fr\/wp-json\/wp\/v2\/media?parent=292967"}],"wp:term":[{"taxonomy":"category","embeddable":true,"href":"https:\/\/www.europesays.com\/ch-fr\/wp-json\/wp\/v2\/categories?post=292967"},{"taxonomy":"post_tag","embeddable":true,"href":"https:\/\/www.europesays.com\/ch-fr\/wp-json\/wp\/v2\/tags?post=292967"}],"curies":[{"name":"wp","href":"https:\/\/api.w.org\/{rel}","templated":true}]}}