{"id":292983,"date":"2026-09-05T12:07:14","date_gmt":"2026-09-05T12:07:14","guid":{"rendered":"https:\/\/www.europesays.com\/ch-fr\/292983\/"},"modified":"2026-09-05T12:07:14","modified_gmt":"2026-09-05T12:07:14","slug":"le-centre-suisse-soutient-le-financement-de-lavs","status":"publish","type":"post","link":"https:\/\/www.europesays.com\/ch-fr\/292983\/","title":{"rendered":"Le Centre Suisse soutient le financement de l&rsquo;AVS"},"content":{"rendered":"<p class=\"wysiwyg-h2\">Les d\u00e9l\u00e9gu\u00e9s du Centre Suisse soutiennent le financement additionnel de la rente AVS. R\u00e9unis \u00e0 Fribourg, ils recommandent aussi d&rsquo;accepter l&rsquo;assouplissement de la loi sur le mat\u00e9riel de guerre, deux objets soumis au peuple le 29 novembre.<\/p>\n<p>L&rsquo;assembl\u00e9e s&rsquo;est prononc\u00e9e par 164 voix contre 9 et 10 abstentions en faveur du financement de la 13e rente AVS par une hausse de la TVA de 0,4 point de pourcentage. <\/p>\n<p>&lsquo;La 13e rente a \u00e9t\u00e9 d\u00e9cid\u00e9e et elle doit \u00eatre financ\u00e9e&rsquo;, a soulign\u00e9 la conseill\u00e8re nationale fribourgeoise Marie-France Roth Pasquier. Pour l&rsquo;\u00e9lue, un non ne r\u00e9soudrait pas le probl\u00e8me. Certains d\u00e9l\u00e9gu\u00e9s ont toutefois estim\u00e9 que ce mod\u00e8le ax\u00e9 sur la TVA p\u00e9nalisait trop la classe moyenne et qu&rsquo;il fallait trouver \u00e0 terme une autre variante.<\/p>\n<p>Les d\u00e9l\u00e9gu\u00e9s ont aussi approuv\u00e9 cette fois sans opposition les assouplissements en mati\u00e8re d&rsquo;exportation et de r\u00e9exportation de mat\u00e9riel de guerre, une r\u00e9vision valid\u00e9e par les Chambres f\u00e9d\u00e9rales. Pour le Centre, une Suisse capable de se d\u00e9fendre a besoin d\u2019une base industrielle solide et de partenariats internationaux fiables.<\/p>\n<p>Sur ces deux objets, les 183 d\u00e9l\u00e9gu\u00e9s ont suivi les recommandations formul\u00e9es par la pr\u00e9sidence du parti.<\/p>\n<p> \/ATS<\/p>\n","protected":false},"excerpt":{"rendered":"Les d\u00e9l\u00e9gu\u00e9s du Centre Suisse soutiennent le financement additionnel de la rente AVS. R\u00e9unis \u00e0 Fribourg, ils recommandent&hellip;\n","protected":false},"author":2,"featured_media":292984,"comment_status":"","ping_status":"","sticky":false,"template":"","format":"standard","meta":{"footnotes":"","_share_on_mastodon":"0"},"categories":[4],"tags":[22,121,124,128,119,122,123,118,136,132,131,133,130,21,135,120,126,117,125,114,115,116,23,129,127,134],"class_list":["post-292983","post","type-post","status-publish","format-standard","has-post-thumbnail","category-actualites","tag-actualites","tag-ajoie","tag-animation","tag-bienne","tag-delemont","tag-franches-montagnes","tag-frequence","tag-jura","tag-jura-bernois","tag-la-chaux-de-fonds","tag-moutier","tag-neuchatel","tag-neuveville","tag-news","tag-payerne","tag-porrentruy","tag-publicite","tag-radio","tag-redaction","tag-rfj","tag-rjb","tag-rtn","tag-suisse","tag-tavannes","tag-vallon-de-st-imier","tag-yverdon"],"share_on_mastodon":{"url":"https:\/\/pubeurope.com\/@ch_fr\/117218354295947134","error":""},"_links":{"self":[{"href":"https:\/\/www.europesays.com\/ch-fr\/wp-json\/wp\/v2\/posts\/292983","targetHints":{"allow":["GET"]}}],"collection":[{"href":"https:\/\/www.europesays.com\/ch-fr\/wp-json\/wp\/v2\/posts"}],"about":[{"href":"https:\/\/www.europesays.com\/ch-fr\/wp-json\/wp\/v2\/types\/post"}],"author":[{"embeddable":true,"href":"https:\/\/www.europesays.com\/ch-fr\/wp-json\/wp\/v2\/users\/2"}],"replies":[{"embeddable":true,"href":"https:\/\/www.europesays.com\/ch-fr\/wp-json\/wp\/v2\/comments?post=292983"}],"version-history":[{"count":0,"href":"https:\/\/www.europesays.com\/ch-fr\/wp-json\/wp\/v2\/posts\/292983\/revisions"}],"wp:featuredmedia":[{"embeddable":true,"href":"https:\/\/www.europesays.com\/ch-fr\/wp-json\/wp\/v2\/media\/292984"}],"wp:attachment":[{"href":"https:\/\/www.europesays.com\/ch-fr\/wp-json\/wp\/v2\/media?parent=292983"}],"wp:term":[{"taxonomy":"category","embeddable":true,"href":"https:\/\/www.europesays.com\/ch-fr\/wp-json\/wp\/v2\/categories?post=292983"},{"taxonomy":"post_tag","embeddable":true,"href":"https:\/\/www.europesays.com\/ch-fr\/wp-json\/wp\/v2\/tags?post=292983"}],"curies":[{"name":"wp","href":"https:\/\/api.w.org\/{rel}","templated":true}]}}