{"id":292987,"date":"2026-09-05T12:16:22","date_gmt":"2026-09-05T12:16:22","guid":{"rendered":"https:\/\/www.europesays.com\/ch-fr\/292987\/"},"modified":"2026-09-05T12:16:22","modified_gmt":"2026-09-05T12:16:22","slug":"jay-z-a-profite-de-son-concert-a-londres-pour-feter-en-tres-grand-lanniversaire-de-beyonce","status":"publish","type":"post","link":"https:\/\/www.europesays.com\/ch-fr\/292987\/","title":{"rendered":"Jay-Z a profit\u00e9 de son concert \u00e0 Londres pour f\u00eater (en tr\u00e8s grand) l\u2019anniversaire de Beyonc\u00e9"},"content":{"rendered":"<p class=\"mb-4 text-lg md:leading-8 break-words\"><a data-ylk=\"slk:Beyonc\u00e9;elm:context_link;itc:0;sec:content-canvas;\" data-yga=\"{&quot;yLinkElement&quot;:&quot;link&quot;,&quot;yLinkElementType&quot;:&quot;article_link&quot;}\" href=\"https:\/\/www.huffingtonpost.fr\/culture\/article\/beyonce-est-officiellement-milliardaire-et-c-est-grace-au-virage-country-de-cowboy-carter_258711.html\" rel=\"noopener noreferrer nofollow\" target=\"_blank\">Beyonc\u00e9<\/a> se souviendra de ses 45\u00a0ans. Assise dans les tribunes du stade londonien du club de Tottenham, vendredi 4\u00a0septembre, la chanteuse assistait au concert de son mari, <a data-ylk=\"slk:Jay-Z;elm:context_link;itc:0;sec:content-canvas;\" data-yga=\"{&quot;yLinkElement&quot;:&quot;link&quot;,&quot;yLinkElementType&quot;:&quot;article_link&quot;}\" href=\"https:\/\/www.huffingtonpost.fr\/culture\/video\/nicki-minaj-kanye-west-drake-jay-z-n-a-epargne-personne-dans-cette-impro-en-concert_264317.html\" rel=\"noopener noreferrer nofollow\" target=\"_blank\">Jay-Z<\/a>, dans le cadre de sa tourn\u00e9e mondiale Jay-Z 30. Celui-ci a alors demand\u00e9 \u00e0 son public, vers la fin du show, de chanter un \u00ab\u00a0joyeux anniversaire\u00a0\u00bb \u00e0 l&rsquo;attention de son \u00e9pouse, provoquant la joie des milliers de fans pr\u00e9sents.<\/p>\n<p class=\"mb-4 text-lg md:leading-8 break-words\">Le m\u00eame jour, Beyonc\u00e9, pour les 20\u00a0ans de la sortie de son deuxi\u00e8me album solo, avait aussi sorti une \u00e9dition collector de celui-ci intitul\u00e9e B&rsquo;Day (20th Anniversary Edition).<\/p>\n<p class=\"mb-4 text-lg md:leading-8 break-words\">Plus t\u00f4t dans la soir\u00e9e, une vid\u00e9o de Beyonc\u00e9 coiffant Jay-Z dans un stade avait aussi \u00e9t\u00e9 diffus\u00e9e sur l&rsquo;\u00e9cran g\u00e9ant du stade de Londres, excitant particuli\u00e8rement le public, <a data-ylk=\"slk:rapporte;elm:context_link;itc:0;sec:content-canvas;\" data-yga=\"{&quot;yLinkElement&quot;:&quot;link&quot;,&quot;yLinkElementType&quot;:&quot;article_link&quot;}\" href=\"https:\/\/eu.usatoday.com\/story\/entertainment\/music\/2026\/09\/04\/jay-z-celebrates-beyonc-london-show-on-her-happy-birthday\/91581900007\/\" rel=\"noopener noreferrer nofollow\" target=\"_blank\">rapporte <\/a><a data-ylk=\"slk:USA Today;elm:context_link;itc:0;sec:content-canvas;\" data-yga=\"{&quot;yLinkElement&quot;:&quot;link&quot;,&quot;yLinkElementType&quot;:&quot;article_link&quot;}\" href=\"https:\/\/eu.usatoday.com\/story\/entertainment\/music\/2026\/09\/04\/jay-z-celebrates-beyonc-london-show-on-her-happy-birthday\/91581900007\/\" rel=\"noopener noreferrer nofollow\" target=\"_blank\">USA Today<\/a>.<\/p>\n<p class=\"mb-4 text-lg md:leading-8 break-words\">En juillet, Beyonc\u00e9 \u00e9tait apparue sur sc\u00e8ne aux c\u00f4t\u00e9s de Jay-Z lors de son passage dans sa ville natale, New York, pour trois concerts, ce qu&rsquo;elle n&rsquo;a pas fait \u00e0 Londres. Organis\u00e9es dans l&rsquo;enceinte pleine \u00e0 craquer du Yankee Stadium, dans le Bronx, ces trois soir\u00e9es avaient vu se succ\u00e9der sur sc\u00e8ne <a data-ylk=\"slk:aux c\u00f4t\u00e9s du rappeur une kyrielle de stars;elm:context_link;itc:0;sec:content-canvas;\" data-yga=\"{&quot;yLinkElement&quot;:&quot;link&quot;,&quot;yLinkElementType&quot;:&quot;article_link&quot;}\" href=\"https:\/\/www.huffingtonpost.fr\/culture\/video\/jay-z-invite-beyonce-eminem-alicia-keys-et-meme-blue-ivy-a-ses-concerts-anniversaire-a-new-york_287432.html\" rel=\"noopener noreferrer nofollow\" target=\"_blank\">aux c\u00f4t\u00e9s du rappeur une kyrielle de stars<\/a>, dont Rihanna, Eminem, Pharrell Williams, Alicia Keys, Usher, Nas ou encore Pusha T. Entre 135\u00a0000\u00a0et 140\u00a0000\u00a0personnes au total ont assist\u00e9 \u00e0 ces trois shows new-yorkais.<\/p>\n<p class=\"mb-4 text-lg md:leading-8 break-words\">Apr\u00e8s son concert \u00e0 Londres, Jay-Z se produira une nouvelle fois dans la capitale anglaise ce samedi 5\u00a0septembre, avant <a data-ylk=\"slk:une date au Stade de France le 10\u00a0septembre;elm:context_link;itc:0;sec:content-canvas;\" data-yga=\"{&quot;yLinkElement&quot;:&quot;link&quot;,&quot;yLinkElementType&quot;:&quot;article_link&quot;}\" href=\"https:\/\/www.huffingtonpost.fr\/culture\/article\/jay-z-propose-des-packs-vip-a-13-000-euros-pour-son-concert-au-stade-de-france-voici-ce-qu-ils-contiennent_266379.html\" rel=\"noopener noreferrer nofollow\" target=\"_blank\">une date au Stade de France le 10\u00a0septembre<\/a> et deux concerts \u00e0 Los Angeles les 23\u00a0et 24\u00a0octobre.<\/p>\n<p class=\"mb-4 text-lg md:leading-8 break-words\"><a data-ylk=\"slk:Lauryn Hill n&#039;a pas failli \u00e0 sa r\u00e9putation pour son concert \u00e0 l&#039;Accor Arena;elm:context_link;itc:0;sec:content-canvas;\" data-yga=\"{&quot;yLinkElement&quot;:&quot;link&quot;,&quot;yLinkElementType&quot;:&quot;article_link&quot;}\" href=\"https:\/\/www.huffingtonpost.fr\/culture\/article\/lauryn-hill-n-a-pas-failli-a-sa-reputation-pour-son-concert-a-l-accor-arena_317066.html\" rel=\"noopener noreferrer nofollow\" target=\"_blank\">Lauryn Hill n&rsquo;a pas failli \u00e0 sa r\u00e9putation pour son concert \u00e0 l&rsquo;Accor Arena<\/a><\/p>\n<p class=\"mb-4 text-lg md:leading-8 break-words\"><a data-ylk=\"slk:Gr\u00e2ce \u00e0 Bigflo &amp;\u00a0Oli, le ZEvent 2026\u00a0a d\u00e9j\u00e0 r\u00e9colt\u00e9 des sommes folles avant sa derni\u00e8re \u00e9dition;elm:context_link;itc:0;sec:content-canvas;\" data-yga=\"{&quot;yLinkElement&quot;:&quot;link&quot;,&quot;yLinkElementType&quot;:&quot;article_link&quot;}\" href=\"https:\/\/www.huffingtonpost.fr\/divertissement\/article\/grace-bigflo-oli-a-le-zevent-2026-a-deja-recolte-des-sommes-folles-avant-sa-derniere-edition_317693.html\" rel=\"noopener noreferrer nofollow\" target=\"_blank\">Gr\u00e2ce \u00e0 Bigflo &amp;\u00a0Oli, le ZEvent 2026\u00a0a d\u00e9j\u00e0 r\u00e9colt\u00e9 des sommes folles avant sa derni\u00e8re \u00e9dition<\/a><\/p>\n","protected":false},"excerpt":{"rendered":"Beyonc\u00e9 se souviendra de ses 45\u00a0ans. Assise dans les tribunes du stade londonien du club de Tottenham, vendredi&hellip;\n","protected":false},"author":2,"featured_media":292988,"comment_status":"","ping_status":"","sticky":false,"template":"","format":"standard","meta":{"footnotes":"","_share_on_mastodon":"0"},"categories":[12],"tags":[3763,3836,63878,63877,113,112,20075,360,63766,140,141,4687,22181,63879,63880,23],"class_list":["post-292987","post","type-post","status-publish","format-standard","has-post-thumbnail","category-musique","tag-anniversaire","tag-beyonce","tag-beyonce-etait-apparue-sur-scene-aux-cotes-de-jay-z","tag-beyonce-se-souviendra-de-ses","tag-divertissement","tag-entertainment","tag-jay-z","tag-londres","tag-mari","tag-music","tag-musique","tag-nas","tag-pharrell-williams","tag-provoquant-la-joie-des-milliers-de-fans","tag-pusha-t-entre","tag-suisse"],"share_on_mastodon":{"url":"https:\/\/pubeurope.com\/@ch_fr\/117218389993748525","error":""},"_links":{"self":[{"href":"https:\/\/www.europesays.com\/ch-fr\/wp-json\/wp\/v2\/posts\/292987","targetHints":{"allow":["GET"]}}],"collection":[{"href":"https:\/\/www.europesays.com\/ch-fr\/wp-json\/wp\/v2\/posts"}],"about":[{"href":"https:\/\/www.europesays.com\/ch-fr\/wp-json\/wp\/v2\/types\/post"}],"author":[{"embeddable":true,"href":"https:\/\/www.europesays.com\/ch-fr\/wp-json\/wp\/v2\/users\/2"}],"replies":[{"embeddable":true,"href":"https:\/\/www.europesays.com\/ch-fr\/wp-json\/wp\/v2\/comments?post=292987"}],"version-history":[{"count":0,"href":"https:\/\/www.europesays.com\/ch-fr\/wp-json\/wp\/v2\/posts\/292987\/revisions"}],"wp:featuredmedia":[{"embeddable":true,"href":"https:\/\/www.europesays.com\/ch-fr\/wp-json\/wp\/v2\/media\/292988"}],"wp:attachment":[{"href":"https:\/\/www.europesays.com\/ch-fr\/wp-json\/wp\/v2\/media?parent=292987"}],"wp:term":[{"taxonomy":"category","embeddable":true,"href":"https:\/\/www.europesays.com\/ch-fr\/wp-json\/wp\/v2\/categories?post=292987"},{"taxonomy":"post_tag","embeddable":true,"href":"https:\/\/www.europesays.com\/ch-fr\/wp-json\/wp\/v2\/tags?post=292987"}],"curies":[{"name":"wp","href":"https:\/\/api.w.org\/{rel}","templated":true}]}}