{"id":292997,"date":"2026-09-05T12:24:11","date_gmt":"2026-09-05T12:24:11","guid":{"rendered":"https:\/\/www.europesays.com\/ch-fr\/292997\/"},"modified":"2026-09-05T12:24:11","modified_gmt":"2026-09-05T12:24:11","slug":"glaciers-de-la-laine-de-mouton-pour-limiter-la-fonte","status":"publish","type":"post","link":"https:\/\/www.europesays.com\/ch-fr\/292997\/","title":{"rendered":"Glaciers: de la laine de mouton pour limiter la fonte"},"content":{"rendered":"<p>Il serait possible d&rsquo;utiliser de la laine de mouton pour prot\u00e9ger les glaciers du rayonnement solaire. Une exp\u00e9rience men\u00e9e par l&rsquo;ONG Summit Foundation et l&rsquo;Universit\u00e9 de Lausanne \u00e0 Glacier 3000 (VD) prouve que ce mat\u00e9riau pourrait remplacer avantageusement les b\u00e2ches synth\u00e9tiques.<\/p>\n<p>Utilis\u00e9s pour prot\u00e9ger les glaciers, les textiles \u00e0 base de polyester ou de polypropyl\u00e8ne s&rsquo;usent sous l&rsquo;effet du vent et des pr\u00e9cipitations. Avec le temps, des particules peuvent se d\u00e9tacher et se retrouver potentiellement dans le cycle de l&rsquo;eau et la cha\u00eene alimentaire. Un risque qui ne pourrait pas se produire avec la laine, selon la Summit Foundation.<\/p>\n<p>La laine est naturelle, renouvelable, biod\u00e9gradable et dot\u00e9e de propri\u00e9t\u00e9s isolantes. Elle demeure par ailleurs une ressource locale largement sous-valoris\u00e9e et finit la plupart du temps incin\u00e9r\u00e9e ou compost\u00e9e. \u00ab\u00a0Nous pouvons peut-\u00eatre lui donner un nouvel usage\u00a0\u00bb, estime Laurent Thurnherr, directeur de Summit Foundation, dans le 12h30.<\/p>\n<p> <img decoding=\"async\" src=\"https:\/\/www.europesays.com\/ch-fr\/wp-content\/uploads\/2026\/09\/4b5b1194-29345517.image.jpeg\" alt=\"Pr\u00e9sentation du projet 'Keep It Wool' visant \u00e0 prot\u00e9ger le glacier de Tsanfleuron avec de la laine de mouton, le 2 septembre 2026. A gauche, on distingue une b\u00e2che en plastique classique, \u00e0 droite les b\u00e2ches en laine. [\u00a9 KEYSTONE \/ JEAN-CHRISTOPHE BOTT - JEAN-CHRISTOPHE BOTT]\" title=\"Pr\u00e9sentation du projet 'Keep It Wool' visant \u00e0 prot\u00e9ger le glacier de Tsanfleuron avec de la laine de mouton, le 2 septembre 2026. A gauche, on distingue une b\u00e2che en plastique classique, \u00e0 droite les b\u00e2ches en laine. [\u00a9 KEYSTONE \/ JEAN-CHRISTOPHE BOTT - JEAN-CHRISTOPHE BOTT]\" loading=\"lazy\"\/>  Pr\u00e9sentation du projet &lsquo;Keep It Wool&rsquo; visant \u00e0 prot\u00e9ger le glacier de Tsanfleuron avec de la laine de mouton, le 2 septembre. [\u00a9 KEYSTONE \/ JEAN-CHRISTOPHE BOTT &#8211; JEAN-CHRISTOPHE BOTT] <\/p>\n<p>Pour explorer cette solution li\u00e9e aux glaciers, l&rsquo;ONG s&rsquo;est associ\u00e9e au Centre interdisciplinaire de recherche sur la montagne de l&rsquo;Universit\u00e9 de Lausanne. Il a fallu trouver une source de laine locale, un partenaire capable de fabriquer les prototypes et d\u00e9nicher un site o\u00f9 mener un essai.<\/p>\n<p>Deux b\u00e2ches de 100 m2<\/p>\n<p>Le choix s&rsquo;est port\u00e9 sur Glacier 3000. L&rsquo;expertise scientifique a \u00e9t\u00e9 assur\u00e9e par des collaborateurs de GLAMOS, le r\u00e9seau de relev\u00e9s glaciologiques suisse. Deux &lsquo;couvertures&rsquo; de laine de mouton de 100 m2 chacune ont \u00e9t\u00e9 pos\u00e9es fin juin sur le glacier. Au vu des premi\u00e8res observations, l&rsquo;exp\u00e9rience s&rsquo;av\u00e8re prometteuse.<\/p>\n<p>\u00ab\u00a0On se rend compte que c&rsquo;est autant, voire plus efficace. Mais ce n&rsquo;est pas une solution miracle. Il faut le voir comme une solution \u00e0 tr\u00e8s court terme\u00a0\u00bb, explique Timoth\u00e9e Steiner, chef de projets chez Summit Foundation.<\/p>\n<p>Les \u00e9tudes men\u00e9es sur les b\u00e2ches synth\u00e9tiques ont en effet montr\u00e9 que ces textiles permettent de r\u00e9duire de 50 \u00e0 70% la fonte \u00e0 l&rsquo;endroit o\u00f9 le glacier est recouvert. Le mat\u00e9riau \u00e0 base de laine de mouton permet visiblement d&rsquo;obtenir des r\u00e9sultats assez semblables et pourrait du m\u00eame coup devenir une alternative int\u00e9ressante, ayant un bien moindre impact sur l&rsquo;environnement.<\/p>\n<p>Aujourd&rsquo;hui, les textiles protecteurs ne couvrent toutefois qu&rsquo;environ 0,02% de la surface des glaciers, bien trop peu pour avoir un effet significatif sur le recul glaciaire caus\u00e9 par la d\u00e9rive climatique.<\/p>\n<p class=\"sources\">jfe avec ats<\/p>\n","protected":false},"excerpt":{"rendered":"Il serait possible d&rsquo;utiliser de la laine de mouton pour prot\u00e9ger les glaciers du rayonnement solaire. Une exp\u00e9rience&hellip;\n","protected":false},"author":2,"featured_media":292998,"comment_status":"","ping_status":"","sticky":false,"template":"","format":"standard","meta":{"footnotes":"","_share_on_mastodon":"0"},"categories":[3],"tags":[1324,344,355,3723,63883,11715,32617,304,5642,296,23,63884,1067,28321,8883],"class_list":["post-292997","post","type-post","status-publish","format-standard","has-post-thumbnail","category-suisse","tag-durabilite","tag-economie-et-finances","tag-environnement","tag-glacier","tag-glacier-3000","tag-materiau","tag-montagnes","tag-nature","tag-organisation-non-gouvernementale","tag-science-et-technologie","tag-suisse","tag-summit-foundation","tag-technologie","tag-textile","tag-universite-de-lausanne"],"share_on_mastodon":{"url":"https:\/\/pubeurope.com\/@ch_fr\/117218421716541569","error":""},"_links":{"self":[{"href":"https:\/\/www.europesays.com\/ch-fr\/wp-json\/wp\/v2\/posts\/292997","targetHints":{"allow":["GET"]}}],"collection":[{"href":"https:\/\/www.europesays.com\/ch-fr\/wp-json\/wp\/v2\/posts"}],"about":[{"href":"https:\/\/www.europesays.com\/ch-fr\/wp-json\/wp\/v2\/types\/post"}],"author":[{"embeddable":true,"href":"https:\/\/www.europesays.com\/ch-fr\/wp-json\/wp\/v2\/users\/2"}],"replies":[{"embeddable":true,"href":"https:\/\/www.europesays.com\/ch-fr\/wp-json\/wp\/v2\/comments?post=292997"}],"version-history":[{"count":0,"href":"https:\/\/www.europesays.com\/ch-fr\/wp-json\/wp\/v2\/posts\/292997\/revisions"}],"wp:featuredmedia":[{"embeddable":true,"href":"https:\/\/www.europesays.com\/ch-fr\/wp-json\/wp\/v2\/media\/292998"}],"wp:attachment":[{"href":"https:\/\/www.europesays.com\/ch-fr\/wp-json\/wp\/v2\/media?parent=292997"}],"wp:term":[{"taxonomy":"category","embeddable":true,"href":"https:\/\/www.europesays.com\/ch-fr\/wp-json\/wp\/v2\/categories?post=292997"},{"taxonomy":"post_tag","embeddable":true,"href":"https:\/\/www.europesays.com\/ch-fr\/wp-json\/wp\/v2\/tags?post=292997"}],"curies":[{"name":"wp","href":"https:\/\/api.w.org\/{rel}","templated":true}]}}