{"id":293003,"date":"2026-09-05T12:35:08","date_gmt":"2026-09-05T12:35:08","guid":{"rendered":"https:\/\/www.europesays.com\/ch-fr\/293003\/"},"modified":"2026-09-05T12:35:08","modified_gmt":"2026-09-05T12:35:08","slug":"des-fans-de-k-pop-etrangers-demandent-le-retrait-de-kim-soo-hyun-des-the-fact-music-awards-et-aaa-2026","status":"publish","type":"post","link":"https:\/\/www.europesays.com\/ch-fr\/293003\/","title":{"rendered":"Des fans de K-pop \u00e9trangers demandent le retrait de Kim Soo-hyun des The Fact Music Awards et AAA 2026"},"content":{"rendered":"<p class=\"wp-block-paragraph\">Kim Soo-hyun doit prochainement participer \u00e0 deux grandes c\u00e9r\u00e9monies asiatiques. Sa pr\u00e9sence ne pla\u00eet toutefois pas \u00e0 certains fans de K-pop \u00e9trangers, qui demandent son retrait des \u00e9v\u00e9nements. Une r\u00e9action qui survient alors que la police sud-cor\u00e9enne a conclu en juillet qu\u2019il n\u2019y avait pas suffisamment d\u2019\u00e9l\u00e9ments pour engager des poursuites contre l\u2019acteur.<\/p>\n<p><img loading=\"lazy\" src=\"https:\/\/www.europesays.com\/ch-fr\/wp-content\/uploads\/2026\/09\/Proces-Kim-Soo-Hyun-les-deux-parties-sont-victimes-tranche-le-tribunal.webp\"  decoding=\"async\" width=\"1920\" height=\"1080\" alt=\"Proc\u00e8s Kim Soo Hyun : \u00ab les deux parties sont victimes \u00bb, tranche le tribunal\" class=\"wp-image-310099 lazyload\" title=\"Des fans de K-pop \u00e9trangers demandent le retrait de Kim Soo-hyun des The Fact Music Awards et AAA 2026\" \/><img loading=\"lazy\" decoding=\"async\" width=\"1920\" height=\"1080\" src=\"https:\/\/www.europesays.com\/ch-fr\/wp-content\/uploads\/2026\/09\/Proces-Kim-Soo-Hyun-les-deux-parties-sont-victimes-tranche-le-tribunal.webp\" alt=\"Proc\u00e8s Kim Soo Hyun : \u00ab les deux parties sont victimes \u00bb, tranche le tribunal\" class=\"wp-image-310099\" title=\"Des fans de K-pop \u00e9trangers demandent le retrait de Kim Soo-hyun des The Fact Music Awards et AAA 2026\"  \/><\/p>\n<p class=\"wp-block-paragraph\">Le 28 ao\u00fbt, le comit\u00e9 des The Fact Music Awards a confirm\u00e9 la pr\u00e9sence de Kim Soo-hyun \u00e0 la c\u00e9r\u00e9monie du 19 septembre, au Busan Asiad Main Stadium. Il y participera comme pr\u00e9sentateur. Quelques jours plus tard, <a href=\"https:\/\/altselection.ouest-france.fr\/kim-soo-hyun-sera-aux-aaa-2026-et-il-nest-pas-le-seul-nouveau-venu\/\" rel=\"nofollow noopener\" target=\"_blank\">les Asia Artist Awards ont eux aussi annonc\u00e9 sa participation \u00e0 leur prochaine \u00e9dition,<\/a> pr\u00e9vue les 5 et 6 d\u00e9cembre au Kaohsiung National Stadium, \u00e0 Ta\u00efwan.<\/p>\n<p class=\"wp-block-paragraph\">Ces annonces ont surtout provoqu\u00e9 des r\u00e9actions chez certains fans de K-pop \u00e9trangers. Sur les r\u00e9seaux sociaux, <a href=\"https:\/\/altselection.ouest-france.fr\/protegez-les-idoles-le-retour-de-kim-soo-hyun-aux-the-fact-music-awards-divise-en-coree\/\" rel=\"nofollow noopener\" target=\"_blank\">ils demandent aux organisateurs de revenir sur leur d\u00e9cision<\/a>. L\u2019un d\u2019eux a notamment \u00e9crit : \u00ab\u00a0Nous nous joignons aux autres fandoms pour demander le retrait de Kim Soo-hyun d\u2019une c\u00e9r\u00e9monie entour\u00e9e d\u2019artistes f\u00e9minines et de jeunes idoles.\u00a0\u00bb<\/p>\n<p class=\"wp-block-paragraph\">Le hashtag #KimSooHyunOutAAA a commenc\u00e9 \u00e0 circuler, accompagn\u00e9 dans certaines publications d\u2019images du visage de l\u2019acteur barr\u00e9 d\u2019une croix.<\/p>\n<p><img loading=\"lazy\" src=\"https:\/\/www.europesays.com\/ch-fr\/wp-content\/uploads\/2026\/09\/aaa-boycott.jpeg\"  decoding=\"async\" width=\"2048\" height=\"1004\" alt=\"Des fans de K-pop \u00e9trangers demandent le retrait de Kim Soo-hyun des The Fact Music Awards et AAA 2026\" class=\"wp-image-316181 lazyload\" title=\"Des fans de K-pop \u00e9trangers demandent le retrait de Kim Soo-hyun des The Fact Music Awards et AAA 2026\" \/><img loading=\"lazy\" decoding=\"async\" width=\"2048\" height=\"1004\" src=\"https:\/\/www.europesays.com\/ch-fr\/wp-content\/uploads\/2026\/09\/aaa-boycott.jpeg\" alt=\"Des fans de K-pop \u00e9trangers demandent le retrait de Kim Soo-hyun des The Fact Music Awards et AAA 2026\" class=\"wp-image-316181\" title=\"Des fans de K-pop \u00e9trangers demandent le retrait de Kim Soo-hyun des The Fact Music Awards et AAA 2026\"  \/><img src=\"https:\/\/altselection.ouest-france.fr\/wp-content\/uploads\/2026\/09\/Le-hashtag-KimSooHyunOutAAA-a-commence-a-circuler-accompagne-dans-certaines-publications-dimages-du-visage-de-lacteur-barre-dune-croix.jpg\" decoding=\"async\" alt=\"Des fans de K-pop \u00e9trangers demandent le retrait de Kim Soo-hyun des The Fact Music Awards et AAA 2026\" class=\"wp-image-316121 lazyload\" title=\"Des fans de K-pop \u00e9trangers demandent le retrait de Kim Soo-hyun des The Fact Music Awards et AAA 2026\"\/><img decoding=\"async\" src=\"https:\/\/altselection.ouest-france.fr\/wp-content\/uploads\/2026\/09\/Le-hashtag-KimSooHyunOutAAA-a-commence-a-circuler-accompagne-dans-certaines-publications-dimages-du-visage-de-lacteur-barre-dune-croix.jpg\" alt=\"Des fans de K-pop \u00e9trangers demandent le retrait de Kim Soo-hyun des The Fact Music Awards et AAA 2026\" class=\"wp-image-316121\" title=\"Des fans de K-pop \u00e9trangers demandent le retrait de Kim Soo-hyun des The Fact Music Awards et AAA 2026\"\/><\/p>\n<p class=\"wp-block-paragraph\">Ces r\u00e9actions font \u00e9cho \u00e0 l\u2019affaire qui avait vis\u00e9 Kim Soo-hyun en 2025. En juillet, apr\u00e8s avoir examin\u00e9 les accusations concernant son ancienne relation avec Kim Sae-ron, la police sud-cor\u00e9enne avait d\u00e9cid\u00e9 de ne pas transmettre le dossier au parquet. Les autorit\u00e9s avaient estim\u00e9 que les \u00e9l\u00e9ments disponibles ne permettaient pas d\u2019engager des poursuites contre l\u2019acteur. <a href=\"https:\/\/altselection.ouest-france.fr\/kim-soo-hyun-enfin-innocente\/\" rel=\"nofollow noopener\" target=\"_blank\">Kim Soo-hyun a ainsi \u00e9t\u00e9 blanchi dans cette affaire.<\/a><\/p>\n<p class=\"wp-block-paragraph\">L\u2019affaire avait d\u00e9but\u00e9 en mars 2025. La famille de Kim Sae-ron avait affirm\u00e9, par l\u2019interm\u00e9diaire de la cha\u00eene YouTube Hover Lab, que les deux acteurs avaient entretenu une relation pendant six ans, \u00e0 partir des 15 ans de l\u2019actrice. Une plainte contre Kim Soo-hyun avait ensuite \u00e9t\u00e9 d\u00e9pos\u00e9e en mai.<\/p>\n<p class=\"wp-block-paragraph\">L\u2019acteur avait reconnu avoir \u00e9t\u00e9 en couple avec Kim Sae-ron, tout en affirmant que leur relation avait commenc\u00e9 apr\u00e8s la majorit\u00e9 de l\u2019actrice.<\/p>\n<p><img loading=\"lazy\" src=\"https:\/\/www.europesays.com\/ch-fr\/wp-content\/uploads\/2026\/09\/Lenquete-blanchit-Kim-Soo-Hyun-Kim-Se-Ui-reste-derriere-les-barreaux.webp\"  decoding=\"async\" width=\"900\" height=\"600\" alt=\"Des fans de K-pop \u00e9trangers demandent le retrait de Kim Soo-hyun des The Fact Music Awards et AAA 2026\" class=\"wp-image-307712 lazyload\" title=\"Des fans de K-pop \u00e9trangers demandent le retrait de Kim Soo-hyun des The Fact Music Awards et AAA 2026\" \/><img loading=\"lazy\" decoding=\"async\" width=\"900\" height=\"600\" src=\"https:\/\/www.europesays.com\/ch-fr\/wp-content\/uploads\/2026\/09\/Lenquete-blanchit-Kim-Soo-Hyun-Kim-Se-Ui-reste-derriere-les-barreaux.webp\" alt=\"Des fans de K-pop \u00e9trangers demandent le retrait de Kim Soo-hyun des The Fact Music Awards et AAA 2026\" class=\"wp-image-307712\" title=\"Des fans de K-pop \u00e9trangers demandent le retrait de Kim Soo-hyun des The Fact Music Awards et AAA 2026\"  \/><\/p>\n<p class=\"wp-block-paragraph\">Malgr\u00e9 la d\u00e9cision de la police, les r\u00e9actions restent partag\u00e9es sur les r\u00e9seaux sociaux. Certains fans de K-pop \u00e9trangers continuent de r\u00e9clamer le retrait de Kim Soo-hyun, tandis que d\u2019autres internautes jugent ces demandes injustifi\u00e9es apr\u00e8s les conclusions des autorit\u00e9s.<\/p>\n<p class=\"wp-block-paragraph\">Les deux c\u00e9r\u00e9monies, elles, n\u2019ont pas chang\u00e9 leurs plans. Les organisateurs des Asia Artist Awards et des The Fact Music Awards ont indiqu\u00e9 jeudi que la participation de l\u2019acteur \u00e9tait maintenue et qu\u2019aucune modification n\u2019\u00e9tait pr\u00e9vue.<\/p>\n<p class=\"wp-block-paragraph\">Gold Medalist, l\u2019agence de Kim Soo-hyun, a de son c\u00f4t\u00e9 d\u00e9clar\u00e9 qu\u2019elle allait examiner la situation en interne.<\/p>\n<p>  Si vous appr\u00e9ciez notre travail, vous pouvez nous soutenir en nous suivant sur Google :  <a href=\"https:\/\/profile.google.com\/cp\/EjwKHGFsdHNlbGVjdGlvbi5vdWVzdC1mcmFuY2UuZnISHGFsdHNlbGVjdGlvbi5vdWVzdC1mcmFuY2UuZnI\" target=\"_blank\" rel=\"noopener nofollow external\" style=\"&#010; display:inline-block !important;&#010; padding:12px 20px !important;&#010; background:#ff2d89 !important;&#010; color:#fff !important;&#010; border-radius:999px !important;&#010; font-weight:700 !important;&#010; text-decoration:none !important;&#010; line-height:1 !important;&#010; border:0 !important;&#010; box-shadow:0 6px 18px rgba(255,45,137,.25) !important;&#010; transition:transform .06s ease, box-shadow .2s ease !important;\"> Suivre sur Google News <\/a><\/p>\n","protected":false},"excerpt":{"rendered":"Kim Soo-hyun doit prochainement participer \u00e0 deux grandes c\u00e9r\u00e9monies asiatiques. Sa pr\u00e9sence ne pla\u00eet toutefois pas \u00e0 certains&hellip;\n","protected":false},"author":2,"featured_media":293004,"comment_status":"","ping_status":"","sticky":false,"template":"","format":"standard","meta":{"footnotes":"","_share_on_mastodon":"0"},"categories":[12],"tags":[113,112,140,141,23],"class_list":["post-293003","post","type-post","status-publish","format-standard","has-post-thumbnail","category-musique","tag-divertissement","tag-entertainment","tag-music","tag-musique","tag-suisse"],"share_on_mastodon":{"url":"https:\/\/pubeurope.com\/@ch_fr\/117218465089924012","error":""},"_links":{"self":[{"href":"https:\/\/www.europesays.com\/ch-fr\/wp-json\/wp\/v2\/posts\/293003","targetHints":{"allow":["GET"]}}],"collection":[{"href":"https:\/\/www.europesays.com\/ch-fr\/wp-json\/wp\/v2\/posts"}],"about":[{"href":"https:\/\/www.europesays.com\/ch-fr\/wp-json\/wp\/v2\/types\/post"}],"author":[{"embeddable":true,"href":"https:\/\/www.europesays.com\/ch-fr\/wp-json\/wp\/v2\/users\/2"}],"replies":[{"embeddable":true,"href":"https:\/\/www.europesays.com\/ch-fr\/wp-json\/wp\/v2\/comments?post=293003"}],"version-history":[{"count":0,"href":"https:\/\/www.europesays.com\/ch-fr\/wp-json\/wp\/v2\/posts\/293003\/revisions"}],"wp:featuredmedia":[{"embeddable":true,"href":"https:\/\/www.europesays.com\/ch-fr\/wp-json\/wp\/v2\/media\/293004"}],"wp:attachment":[{"href":"https:\/\/www.europesays.com\/ch-fr\/wp-json\/wp\/v2\/media?parent=293003"}],"wp:term":[{"taxonomy":"category","embeddable":true,"href":"https:\/\/www.europesays.com\/ch-fr\/wp-json\/wp\/v2\/categories?post=293003"},{"taxonomy":"post_tag","embeddable":true,"href":"https:\/\/www.europesays.com\/ch-fr\/wp-json\/wp\/v2\/tags?post=293003"}],"curies":[{"name":"wp","href":"https:\/\/api.w.org\/{rel}","templated":true}]}}