{"id":293021,"date":"2026-09-05T12:48:22","date_gmt":"2026-09-05T12:48:22","guid":{"rendered":"https:\/\/www.europesays.com\/ch-fr\/293021\/"},"modified":"2026-09-05T12:48:22","modified_gmt":"2026-09-05T12:48:22","slug":"geneve-sam-hallam-nous-devons-ameliorer-notre-structure-de-jeu-jour-apres-jour","status":"publish","type":"post","link":"https:\/\/www.europesays.com\/ch-fr\/293021\/","title":{"rendered":"GEN\u00c8VE &#8211; SAM HALLAM: \u00abNous devons am\u00e9liorer notre structure de jeu, jour apr\u00e8s jour\u00bb"},"content":{"rendered":"<p class=\"wp-block-paragraph\">Satisfait, m\u00eame s\u2019il y a encore du travail. Sam Hallam, le nouvel entra\u00eeneur du GSHC avait le sourire au terme d\u2019une rencontre qui a finalement fait exploser Eisb\u00e4ren Berlin ans les derni\u00e8res minutes. Lui aussi nouvel arriv\u00e9, mais en Allemagne, \u00c9ric Dubois n\u2019a pas voulu trop accabler son \u00e9quipe, il lui cherche m\u00eame quelques excuses. Interviews-express.<\/p>\n<p class=\"wp-block-paragraph\">Sam Hallam ous venez de disputer avec Gen\u00e8ve seulement votre deuxi\u00e8me match en l\u2019espace d\u2019un mois. Dans quel \u00e9tat d\u2019esprit avez-vous abord\u00e9 cette rencontre ?<br \/>Pour nous, c\u2019\u00e9tait un peu particulier, donc nous savions que nous avions besoin de ces rencontres. Nous sommes encore loin d\u2019\u00eatre parfaits, mais nous avons beaucoup de talent et nous avons r\u00e9ussi \u00e0 mettre le puck au fond. Notre gardien a \u00e9galement r\u00e9alis\u00e9 un tr\u00e8s bon match. Je suis donc satisfait de l\u2019effort collectif r\u00e9alis\u00e9 aujourd\u2019hui.<\/p>\n<p class=\"wp-block-paragraph\">Vous avez justement un autre test qui vous attend dimanche. Comment l\u2019abordez-vous ?<\/p>\n<p class=\"wp-block-paragraph\">Je me r\u00e9jouis vraiment de dimanche. Ce sera un bon test contre Storhammar, toujours ici aux Vernets. C\u2019est exactement le genre de rencontre dont nous avons besoin pour continuer \u00e0 progresser et \u00e0 construire notre saison.<\/p>\n<p class=\"wp-block-paragraph\">Votre \u00e9quipe a marqu\u00e9 tr\u00e8s t\u00f4t dans la rencontre&#8230;<\/p>\n<p class=\"wp-block-paragraph\">Vous savez, les buts sont vraiment importants. Les matches se d\u00e9cident devant les cages. Je pense que nous avons une qualit\u00e9 offensive de tr\u00e8s haut niveau, avec notamment quelques buts fantastiques.<\/p>\n<p class=\"wp-block-paragraph\">Votre gardien a \u00e9galement jou\u00e9 un r\u00f4le important, notamment durant la deuxi\u00e8me p\u00e9riode&#8230;<\/p>\n<p class=\"wp-block-paragraph\">Oui, Charlin dans la cage a r\u00e9alis\u00e9 un excellent match, surtout lors de la deuxi\u00e8me p\u00e9riode. Il nous a permis de rester dans le match \u00e0 ce moment-l\u00e0. J\u2019esp\u00e8re donc que nous pourrons offrir \u00e0 lui, ou \u00e0 Mayer, selon celui qui sera dans la cage, une soir\u00e9e un peu plus tranquille lors des prochains matches.<\/p>\n<p class=\"wp-block-paragraph\">Quelles sont vos ambitions avec cette \u00e9quipe cette saison?<\/p>\n<p class=\"wp-block-paragraph\">Nous avons de grandes ambitions. Je pense que nous avons beaucoup de talent, mais le plus important est que nous jouions un hockey bas\u00e9 avant tout sur le collectif. Notre structure de jeu est en place par moments, mais nous devons vraiment continuer \u00e0 l\u2019am\u00e9liorer jour apr\u00e8s jour.<\/p>\n<p>Dubois confiant<\/p>\n<p class=\"wp-block-paragraph\">\u00c9ric Dubois, le r\u00e9sultat est s\u00e9v\u00e8re (2-6), mais on veut bien admettre que vous avez certaines circonstances att\u00e9nuantes\u2026<br \/>C\u2019\u00e9tait une longue journ\u00e9e aujourd\u2019hui. Hier, nous \u00e9tions cens\u00e9s prendre l\u2019avion pour Gen\u00e8ve, mais nous sommes rest\u00e9s \u00e0 l\u2019a\u00e9roport jusqu\u2019\u00e0 0h30, presque 1 heure du matin. Ensuite, nous avons d\u00fb nous lever et prendre un autre avion. Nous sommes finalement arriv\u00e9s \u00e0 Gen\u00e8ve aujourd\u2019hui \u00e0 17 heures. C\u2019\u00e9tait donc une tr\u00e8s longue journ\u00e9e.<\/p>\n<p class=\"wp-block-paragraph\">Malgr\u00e9 ce d\u00e9placement compliqu\u00e9, ce match devait vous permettre de poursuivre votre pr\u00e9paration. Qu\u2019en retenez-vous ?<br \/>\u00c9videmment, ces matches vont nous \u00eatre utiles pour pr\u00e9parer notre saison. J\u2019ai trouv\u00e9 que notre \u00e9quipe avait \u00e9t\u00e9 bonne pendant deux p\u00e9riodes. Je pouvais sentir que l\u2019\u00e9nergie n\u2019\u00e9tait plus vraiment l\u00e0 en troisi\u00e8me p\u00e9riode.<\/p>\n<p class=\"wp-block-paragraph\">Vous avez n\u00e9anmoins continu\u00e9 \u00e0 vous battre jusqu\u2019au bout. Est-ce un aspect positif que vous retenez de cette rencontre ?<br \/>Oui, nous nous sommes battus et nous avons jou\u00e9 avec intensit\u00e9. Je pense \u00e9galement que le troisi\u00e8me but nous a fait mal, juste avant la fin de la deuxi\u00e8me p\u00e9riode. Mais nous nous sommes battus. C\u2019est tout ce que nous pouvions demander \u00e0 nos joueurs.<\/p>\n<p class=\"wp-block-paragraph\">Pouvez-vous maintenant nous pr\u00e9senter un peu votre \u00e9quipe et nous parler de ses ambitions ?<br \/>C\u2019est une \u00e9quipe qui a remport\u00e9 les trois derniers titres en Allemagne. Il y a beaucoup de leadership et beaucoup de personnes de qualit\u00e9 autour de cette \u00e9quipe.<\/p>\n<p class=\"wp-block-paragraph\">Vous avez donc des ambitions importantes pour cette nouvelle saison ?<br \/>Oui. Ils veulent accomplir quelque chose qui n\u2019a encore jamais \u00e9t\u00e9 r\u00e9alis\u00e9 en Allemagne. Mais ce n\u2019est que le d\u00e9but de la saison, nous allons y arriver.<\/p>\n<p class=\"wp-block-paragraph\">Cette rencontre face \u00e0 Gen\u00e8ve constituait-elle votre premier v\u00e9ritable test de la pr\u00e9paration?<\/p>\n<p class=\"wp-block-paragraph\">C\u2019\u00e9tait \u00e9videmment notre premier v\u00e9ritable match difficile jusqu\u2019\u00e0 pr\u00e9sent. Mais nous avons de bonnes personnes, de bons joueurs, et je pense que nous serons tr\u00e8s bien.<\/p>\n<p class=\"wp-block-paragraph\">(Source: CHL\/YouTube)<\/p>\n","protected":false},"excerpt":{"rendered":"Satisfait, m\u00eame s\u2019il y a encore du travail. Sam Hallam, le nouvel entra\u00eeneur du GSHC avait le sourire&hellip;\n","protected":false},"author":2,"featured_media":293022,"comment_status":"","ping_status":"","sticky":false,"template":"","format":"standard","meta":{"footnotes":"","_share_on_mastodon":"0"},"categories":[17],"tags":[21233,24680,19687,63892,170,169,488,23],"class_list":["post-293021","post","type-post","status-publish","format-standard","has-post-thumbnail","category-geneve","tag-berlin","tag-chl","tag-declaration","tag-eric-dubois","tag-geneva","tag-geneve","tag-interview","tag-suisse"],"share_on_mastodon":{"url":"https:\/\/pubeurope.com\/@ch_fr\/117218515554625843","error":""},"_links":{"self":[{"href":"https:\/\/www.europesays.com\/ch-fr\/wp-json\/wp\/v2\/posts\/293021","targetHints":{"allow":["GET"]}}],"collection":[{"href":"https:\/\/www.europesays.com\/ch-fr\/wp-json\/wp\/v2\/posts"}],"about":[{"href":"https:\/\/www.europesays.com\/ch-fr\/wp-json\/wp\/v2\/types\/post"}],"author":[{"embeddable":true,"href":"https:\/\/www.europesays.com\/ch-fr\/wp-json\/wp\/v2\/users\/2"}],"replies":[{"embeddable":true,"href":"https:\/\/www.europesays.com\/ch-fr\/wp-json\/wp\/v2\/comments?post=293021"}],"version-history":[{"count":0,"href":"https:\/\/www.europesays.com\/ch-fr\/wp-json\/wp\/v2\/posts\/293021\/revisions"}],"wp:featuredmedia":[{"embeddable":true,"href":"https:\/\/www.europesays.com\/ch-fr\/wp-json\/wp\/v2\/media\/293022"}],"wp:attachment":[{"href":"https:\/\/www.europesays.com\/ch-fr\/wp-json\/wp\/v2\/media?parent=293021"}],"wp:term":[{"taxonomy":"category","embeddable":true,"href":"https:\/\/www.europesays.com\/ch-fr\/wp-json\/wp\/v2\/categories?post=293021"},{"taxonomy":"post_tag","embeddable":true,"href":"https:\/\/www.europesays.com\/ch-fr\/wp-json\/wp\/v2\/tags?post=293021"}],"curies":[{"name":"wp","href":"https:\/\/api.w.org\/{rel}","templated":true}]}}