{"id":293077,"date":"2026-09-05T13:43:12","date_gmt":"2026-09-05T13:43:12","guid":{"rendered":"https:\/\/www.europesays.com\/ch-fr\/293077\/"},"modified":"2026-09-05T13:43:12","modified_gmt":"2026-09-05T13:43:12","slug":"direct-suivez-le-concours-dart-oratoire-michel-nancoz","status":"publish","type":"post","link":"https:\/\/www.europesays.com\/ch-fr\/293077\/","title":{"rendered":"Direct: suivez le concours d&rsquo;art oratoire Michel Nan\u00e7oz"},"content":{"rendered":"<p>DIRECT \u2013 Rendez-vous incontournable du barreau genevois, le Concours d\u2019art oratoire Michel Nan\u00e7oz, organis\u00e9 par l\u2019Ordre des Avocats de Gen\u00e8ve, met chaque ann\u00e9e \u00e0 l\u2019\u00e9preuve les talents d\u2019\u00e9loquence de la jeune barre. Pour la premi\u00e8re fois de son histoire, L\u00e9man Bleu diffuse la finale en direct de 14h00 \u00e0 18h00. REPLAY disponible \u00e0 partir de dimanche.\u00a0<\/p>\n<p>Treize candidats se succ\u00e8dent apr\u00e8s avoir tir\u00e9 au sort leur sujet. Histoire, mythologie, litt\u00e9rature, philosophie ou sujet contemporain: chacun dispose\u00a0de dix minutes pour convaincre, s\u00e9duire et surprendre.<\/p>\n<p>Face \u00e0 eux, un jury de robes noires compos\u00e9 de figures du barreau, avec deux invit\u00e9s exceptionnels: \u00c9ric Dupond-Moretti, avocat p\u00e9naliste et ancien garde des Sceaux fran\u00e7ais, et Bertrand P\u00e9rier, avocat parisien et fervent amoureux d\u2019\u00e9loquence.<\/p>\n<p class=\"wysiwyg-citationBlue\">En savoir plus sur le concours<br \/>Consulter le site internet de <a href=\"https:\/\/odage.ch\/fr\/lordre-des-avocats-prix-et-concours-concours\" rel=\"nofollow noopener\" target=\"_blank\">l&rsquo;Ordre des avocats de Gen\u00e8ve<\/a><\/p>\n","protected":false},"excerpt":{"rendered":"DIRECT \u2013 Rendez-vous incontournable du barreau genevois, le Concours d\u2019art oratoire Michel Nan\u00e7oz, organis\u00e9 par l\u2019Ordre des Avocats&hellip;\n","protected":false},"author":2,"featured_media":293078,"comment_status":"","ping_status":"","sticky":false,"template":"","format":"standard","meta":{"footnotes":"","_share_on_mastodon":"0"},"categories":[17],"tags":[170,169,230,23,231,232],"class_list":["post-293077","post","type-post","status-publish","format-standard","has-post-thumbnail","category-geneve","tag-geneva","tag-geneve","tag-leman-bleu","tag-suisse","tag-television-geneve","tag-television-nyon"],"share_on_mastodon":{"url":"https:\/\/pubeurope.com\/@ch_fr\/117218733629077385","error":""},"_links":{"self":[{"href":"https:\/\/www.europesays.com\/ch-fr\/wp-json\/wp\/v2\/posts\/293077","targetHints":{"allow":["GET"]}}],"collection":[{"href":"https:\/\/www.europesays.com\/ch-fr\/wp-json\/wp\/v2\/posts"}],"about":[{"href":"https:\/\/www.europesays.com\/ch-fr\/wp-json\/wp\/v2\/types\/post"}],"author":[{"embeddable":true,"href":"https:\/\/www.europesays.com\/ch-fr\/wp-json\/wp\/v2\/users\/2"}],"replies":[{"embeddable":true,"href":"https:\/\/www.europesays.com\/ch-fr\/wp-json\/wp\/v2\/comments?post=293077"}],"version-history":[{"count":0,"href":"https:\/\/www.europesays.com\/ch-fr\/wp-json\/wp\/v2\/posts\/293077\/revisions"}],"wp:featuredmedia":[{"embeddable":true,"href":"https:\/\/www.europesays.com\/ch-fr\/wp-json\/wp\/v2\/media\/293078"}],"wp:attachment":[{"href":"https:\/\/www.europesays.com\/ch-fr\/wp-json\/wp\/v2\/media?parent=293077"}],"wp:term":[{"taxonomy":"category","embeddable":true,"href":"https:\/\/www.europesays.com\/ch-fr\/wp-json\/wp\/v2\/categories?post=293077"},{"taxonomy":"post_tag","embeddable":true,"href":"https:\/\/www.europesays.com\/ch-fr\/wp-json\/wp\/v2\/tags?post=293077"}],"curies":[{"name":"wp","href":"https:\/\/api.w.org\/{rel}","templated":true}]}}