{"id":293113,"date":"2026-09-05T14:13:12","date_gmt":"2026-09-05T14:13:12","guid":{"rendered":"https:\/\/www.europesays.com\/ch-fr\/293113\/"},"modified":"2026-09-05T14:13:12","modified_gmt":"2026-09-05T14:13:12","slug":"le-cicr-a-facilite-le-transfert-de-cinq-detenus-disrael-au-liban-2","status":"publish","type":"post","link":"https:\/\/www.europesays.com\/ch-fr\/293113\/","title":{"rendered":"Le CICR a facilit\u00e9 le transfert de cinq d\u00e9tenus d&rsquo;Isra\u00ebl au Liban"},"content":{"rendered":"<p class=\"wysiwyg-h2\">Le Comit\u00e9 international de la Croix-Rouge et du Croissant-Rouge (CICR) a facilit\u00e9 le transfert au Liban de cinq personnes d\u00e9tenues par Isra\u00ebl. Une d&rsquo;entre elles a \u00e9t\u00e9 accompagn\u00e9e jeudi et les quatre autres vendredi, a annonc\u00e9 l&rsquo;organisation \u00e0 Gen\u00e8ve.<\/p>\n<p>Comme d&rsquo;habitude, le CICR a oeuvr\u00e9 comme interm\u00e9diaire neutre dans cette affaire. De nombreuses familles libanaises attendent encore de savoir ce que sont devenus leurs proches, ajoute-t-il.<\/p>\n<p>L&rsquo;organisation continue d&rsquo;oeuvrer pour leur apporter des r\u00e9ponses. Depuis octobre 2023, le CICR n&rsquo;a pas pu avoir acc\u00e8s aux d\u00e9tenus en Isra\u00ebl. Il demande \u00e0 nouveau aux autorit\u00e9s de ce pays d&rsquo;obtenir des indications sur ces personnes ou m\u00eame de pouvoir les voir.<\/p>\n<p>Le dialogue se poursuit avec l&rsquo;Etat h\u00e9breu, affirme encore l&rsquo;organisation.<\/p>\n<p> \/ATS<\/p>\n","protected":false},"excerpt":{"rendered":"Le Comit\u00e9 international de la Croix-Rouge et du Croissant-Rouge (CICR) a facilit\u00e9 le transfert au Liban de cinq&hellip;\n","protected":false},"author":2,"featured_media":293114,"comment_status":"","ping_status":"","sticky":false,"template":"","format":"standard","meta":{"footnotes":"","_share_on_mastodon":"0"},"categories":[5],"tags":[121,124,128,119,122,123,40,118,136,132,131,133,130,135,120,126,117,125,114,115,116,129,127,41,42,134],"class_list":["post-293113","post","type-post","status-publish","format-standard","has-post-thumbnail","category-international","tag-ajoie","tag-animation","tag-bienne","tag-delemont","tag-franches-montagnes","tag-frequence","tag-international","tag-jura","tag-jura-bernois","tag-la-chaux-de-fonds","tag-moutier","tag-neuchatel","tag-neuveville","tag-payerne","tag-porrentruy","tag-publicite","tag-radio","tag-redaction","tag-rfj","tag-rjb","tag-rtn","tag-tavannes","tag-vallon-de-st-imier","tag-world","tag-world-news","tag-yverdon"],"share_on_mastodon":{"url":"https:\/\/pubeurope.com\/@ch_fr\/117218850014585397","error":""},"_links":{"self":[{"href":"https:\/\/www.europesays.com\/ch-fr\/wp-json\/wp\/v2\/posts\/293113","targetHints":{"allow":["GET"]}}],"collection":[{"href":"https:\/\/www.europesays.com\/ch-fr\/wp-json\/wp\/v2\/posts"}],"about":[{"href":"https:\/\/www.europesays.com\/ch-fr\/wp-json\/wp\/v2\/types\/post"}],"author":[{"embeddable":true,"href":"https:\/\/www.europesays.com\/ch-fr\/wp-json\/wp\/v2\/users\/2"}],"replies":[{"embeddable":true,"href":"https:\/\/www.europesays.com\/ch-fr\/wp-json\/wp\/v2\/comments?post=293113"}],"version-history":[{"count":0,"href":"https:\/\/www.europesays.com\/ch-fr\/wp-json\/wp\/v2\/posts\/293113\/revisions"}],"wp:featuredmedia":[{"embeddable":true,"href":"https:\/\/www.europesays.com\/ch-fr\/wp-json\/wp\/v2\/media\/293114"}],"wp:attachment":[{"href":"https:\/\/www.europesays.com\/ch-fr\/wp-json\/wp\/v2\/media?parent=293113"}],"wp:term":[{"taxonomy":"category","embeddable":true,"href":"https:\/\/www.europesays.com\/ch-fr\/wp-json\/wp\/v2\/categories?post=293113"},{"taxonomy":"post_tag","embeddable":true,"href":"https:\/\/www.europesays.com\/ch-fr\/wp-json\/wp\/v2\/tags?post=293113"}],"curies":[{"name":"wp","href":"https:\/\/api.w.org\/{rel}","templated":true}]}}