{"id":293117,"date":"2026-09-05T14:15:11","date_gmt":"2026-09-05T14:15:11","guid":{"rendered":"https:\/\/www.europesays.com\/ch-fr\/293117\/"},"modified":"2026-09-05T14:15:11","modified_gmt":"2026-09-05T14:15:11","slug":"le-centre-suisse-veut-mieux-saffirmer-sur-lechiquier-politique-2","status":"publish","type":"post","link":"https:\/\/www.europesays.com\/ch-fr\/293117\/","title":{"rendered":"Le Centre Suisse veut mieux s&rsquo;affirmer sur l&rsquo;\u00e9chiquier politique"},"content":{"rendered":"<p class=\"wysiwyg-h2\">Le Centre Suisse entre en campagne en vue des \u00e9lections f\u00e9d\u00e9rales de 2027. Lors de l&rsquo;assembl\u00e9e des d\u00e9l\u00e9gu\u00e9s samedi \u00e0 Granges-Paccot (FR), il a affich\u00e9 son ambition de d\u00e9crocher un deuxi\u00e8me si\u00e8ge au Conseil f\u00e9d\u00e9ral.<\/p>\n<p>&lsquo;Nous voulons devenir suffisamment forts, par nos propres moyens, pour que notre revendication d&rsquo;un deuxi\u00e8me si\u00e8ge au Conseil f\u00e9d\u00e9ral devienne une \u00e9vidence&rsquo;, a lanc\u00e9 son pr\u00e9sident Philipp Matthias Bregy aux d\u00e9l\u00e9gu\u00e9s. Le Centre veut s&rsquo;engager en vue de cette \u00e9ch\u00e9ance en affirmant ses sp\u00e9cificit\u00e9s, sans copier un autre parti.<\/p>\n<p>Pour Philipp Matthias Bregy, le Centre est \u00e0 m\u00eame de r\u00e9pondre aux pr\u00e9occupations de la population. &lsquo;Ne laissons pas la s\u00e9curit\u00e9, la migration, le pouvoir d&rsquo;achat, la sant\u00e9 ou l&rsquo;\u00e9quit\u00e9 entre les g\u00e9n\u00e9rations aux p\u00f4les politiques&rsquo;, a d\u00e9clar\u00e9 le conseiller national qui attend une progression de son parti en 2027.<\/p>\n<p>Pour son pr\u00e9sident, le Centre doit se montrer plus offensif et se positionner comme une force politique forte et ind\u00e9pendante au centre de l&rsquo;\u00e9chiquier politique.<\/p>\n<p> \/ATS<\/p>\n","protected":false},"excerpt":{"rendered":"Le Centre Suisse entre en campagne en vue des \u00e9lections f\u00e9d\u00e9rales de 2027. Lors de l&rsquo;assembl\u00e9e des d\u00e9l\u00e9gu\u00e9s&hellip;\n","protected":false},"author":2,"featured_media":293118,"comment_status":"","ping_status":"","sticky":false,"template":"","format":"standard","meta":{"footnotes":"","_share_on_mastodon":"0"},"categories":[4],"tags":[22,121,124,128,119,122,123,118,136,132,131,133,130,21,135,120,126,117,125,114,115,116,23,129,127,134],"class_list":["post-293117","post","type-post","status-publish","format-standard","has-post-thumbnail","category-actualites","tag-actualites","tag-ajoie","tag-animation","tag-bienne","tag-delemont","tag-franches-montagnes","tag-frequence","tag-jura","tag-jura-bernois","tag-la-chaux-de-fonds","tag-moutier","tag-neuchatel","tag-neuveville","tag-news","tag-payerne","tag-porrentruy","tag-publicite","tag-radio","tag-redaction","tag-rfj","tag-rjb","tag-rtn","tag-suisse","tag-tavannes","tag-vallon-de-st-imier","tag-yverdon"],"share_on_mastodon":{"url":"https:\/\/pubeurope.com\/@ch_fr\/117218857777415099","error":""},"_links":{"self":[{"href":"https:\/\/www.europesays.com\/ch-fr\/wp-json\/wp\/v2\/posts\/293117","targetHints":{"allow":["GET"]}}],"collection":[{"href":"https:\/\/www.europesays.com\/ch-fr\/wp-json\/wp\/v2\/posts"}],"about":[{"href":"https:\/\/www.europesays.com\/ch-fr\/wp-json\/wp\/v2\/types\/post"}],"author":[{"embeddable":true,"href":"https:\/\/www.europesays.com\/ch-fr\/wp-json\/wp\/v2\/users\/2"}],"replies":[{"embeddable":true,"href":"https:\/\/www.europesays.com\/ch-fr\/wp-json\/wp\/v2\/comments?post=293117"}],"version-history":[{"count":0,"href":"https:\/\/www.europesays.com\/ch-fr\/wp-json\/wp\/v2\/posts\/293117\/revisions"}],"wp:featuredmedia":[{"embeddable":true,"href":"https:\/\/www.europesays.com\/ch-fr\/wp-json\/wp\/v2\/media\/293118"}],"wp:attachment":[{"href":"https:\/\/www.europesays.com\/ch-fr\/wp-json\/wp\/v2\/media?parent=293117"}],"wp:term":[{"taxonomy":"category","embeddable":true,"href":"https:\/\/www.europesays.com\/ch-fr\/wp-json\/wp\/v2\/categories?post=293117"},{"taxonomy":"post_tag","embeddable":true,"href":"https:\/\/www.europesays.com\/ch-fr\/wp-json\/wp\/v2\/tags?post=293117"}],"curies":[{"name":"wp","href":"https:\/\/api.w.org\/{rel}","templated":true}]}}