{"id":293147,"date":"2026-09-05T14:49:14","date_gmt":"2026-09-05T14:49:14","guid":{"rendered":"https:\/\/www.europesays.com\/ch-fr\/293147\/"},"modified":"2026-09-05T14:49:14","modified_gmt":"2026-09-05T14:49:14","slug":"incendies-en-indonesie-la-fumee-etouffe-lasie-du-sud-est","status":"publish","type":"post","link":"https:\/\/www.europesays.com\/ch-fr\/293147\/","title":{"rendered":"Incendies en Indon\u00e9sie : la fum\u00e9e \u00e9touffe l&rsquo;Asie du Sud-Est"},"content":{"rendered":"<p>Les feux de for\u00eat caus\u00e9s par une s\u00e9cheresse intense se multiplient dans le nord de l&rsquo;Indon\u00e9sie avec des cons\u00e9quences sur la sant\u00e9 des habitants et sur la pollution dans les pays voisins. Un \u00e9pais nuage de fum\u00e9e recouvre certaines parties du pays et s&rsquo;est \u00e9tendu \u00e0 la Malaisie, \u00e0 Singapour et aux Philippines.<\/p>\n<p>De nombreux incendies ont d\u00e9marr\u00e9 ces derni\u00e8res semaines \u00e0 Born\u00e9o, une \u00eele abritant une vaste jungle tropicale que l&rsquo;Indon\u00e9sie partage avec le royaume de Brunei et la Malaisie, ainsi qu&rsquo;\u00e0 Sumatra, plus \u00e0 l&rsquo;ouest.<\/p>\n<p>Entre janvier et ao\u00fbt de cette ann\u00e9e, plus de 210&rsquo;000 foyers de chaleur ont \u00e9t\u00e9 d\u00e9tect\u00e9s dans des zones de tourbi\u00e8res \u00e0 travers l&rsquo;Indon\u00e9sie, selon l&rsquo;ONG Pantau Gambut. Et pr\u00e8s de 300&rsquo;000 hectares de terres ont br\u00fbl\u00e9.<\/p>\n<p>Contenu externe<\/p>\n<p> Ce contenu externe ne peut pas \u00eatre affich\u00e9 car il est susceptible de collecter des donn\u00e9es personnelles. Pour voir ce contenu vous devez autoriser la cat\u00e9gorie Infographies. <\/p>\n<p> Accepter Plus d&rsquo;info <\/p>\n<p>    A cause d&rsquo;El Ni\u00f1o et de la d\u00e9forestation<\/p>\n<p>Selon les analystes, le ph\u00e9nom\u00e8ne m\u00e9t\u00e9orologique El Ni\u00f1o, qui, selon les Nations unies, devrait \u00eatre le plus puissant jamais enregistr\u00e9 en quatre d\u00e9cennies, a entra\u00een\u00e9 des conditions plus s\u00e8ches rendant les incendies de for\u00eat plus difficiles \u00e0 contenir.<\/p>\n<p>\u00ab\u00a0El Ni\u00f1o est puissant cette ann\u00e9e et atteint des niveaux record\u00a0\u00bb, a expliqu\u00e9 David Gaveau, fondateur de <a href=\"https:\/\/map.nusantara-atlas.org\/\" class=\"inline-link\" title=\"Nusantara Atlas\" data-item-id=\"richtext_link\" data-rts-ece-id=\"c31ecd68-f16f-34aa-ad9b-4228ae1c374e\" target=\"_blank\" rel=\"noopener nofollow\">Nusantara Atlas<\/a>, un organisme qui suit les feux de for\u00eat. Mais ce ph\u00e9nom\u00e8ne m\u00e9t\u00e9orologique n&rsquo;est \u00ab\u00a0que le d\u00e9clencheur\u00a0\u00bb des incendies de for\u00eat.<\/p>\n<p>\u00ab\u00a0La cause, assure-t-il, en est la d\u00e9forestation et la d\u00e9gradation des for\u00eats au cours des 50 derni\u00e8res ann\u00e9es\u00a0\u00bb. La pratique dite du d\u00e9frichement par br\u00fblis, ill\u00e9gale, sauf pour les petits agriculteurs, est mise en cause dans bon nombre d&rsquo;incendies de la r\u00e9gion. Les grandes entreprises, telles que les producteurs d&rsquo;huile de palme, sont \u00e9galement point\u00e9es du doigt.<\/p>\n<p>Ces incendies sont difficiles \u00e0 \u00e9teindre car nombre d&rsquo;entre eux se d\u00e9clarent sur des tourbi\u00e8res, un \u00e9cosyst\u00e8me de zones humides constitu\u00e9 de couches de mati\u00e8res organiques partiellement d\u00e9compos\u00e9es qui deviennent inflammables lorsqu&rsquo;elles sont s\u00e8ches.<\/p>\n<p>Pour y faire face, les autorit\u00e9s ont envoy\u00e9 des milliers de secouristes \u00e0 Born\u00e9o et \u00e0 Sumatra. Ils ont pu \u00e9teindre certains feux, mais le travail demeure \u00e9norme pour entrevoir une am\u00e9lioration. De nombreux b\u00e9n\u00e9voles tentent aussi d&rsquo;\u00e9teindre les flammes.<\/p>\n<p> <img decoding=\"async\" src=\"https:\/\/www.europesays.com\/ch-fr\/wp-content\/uploads\/2026\/09\/3e7474c6-29348356.image.png\" alt=\"L'image du nuage de fum\u00e9e le 5 septembre. [copernicus.eu]\" title=\"L'image du nuage de fum\u00e9e le 5 septembre. [copernicus.eu]\" loading=\"lazy\"\/>  L&rsquo;image du nuage de fum\u00e9e le 5 septembre. [copernicus.eu] Hausse des probl\u00e8mes respiratoires<\/p>\n<p>A cause de ces feux, l&rsquo;Indon\u00e9sie a connu une hausse des \u00e9missions de carbone depuis la fin du mois de juillet et, \u00e0 la fin du mois d&rsquo;ao\u00fbt, les niveaux d&rsquo;\u00e9missions \u00e9taient comparables \u00e0 ceux observ\u00e9s lors des pr\u00e9c\u00e9dentes ann\u00e9es marqu\u00e9es par El Ni\u00f1o, en 2015 et 2019, a comment\u00e9 le Service de surveillance de l&rsquo;atmosph\u00e8re Copernicus.<\/p>\n<p>Les incendies dans l&rsquo;archipel indon\u00e9sien ont g\u00e9n\u00e9r\u00e9 plus de 23 millions de tonnes d&rsquo;\u00e9missions au cours des sept derniers jours, selon le portail <a href=\"https:\/\/apps.atmosphere.copernicus.eu\/fire-emissions-watch\/\" class=\"inline-link\" title=\"Fire Emissions Watch\" data-item-id=\"richtext_link\" data-rts-ece-id=\"4ea96b60-ff44-31bf-9ac1-b3b48d7f9332\" target=\"_blank\" rel=\"noopener nofollow\">Fire Emission Watch<\/a> du CAMS. Ce chiffre est sup\u00e9rieur aux 20,7 millions de tonnes d&rsquo;\u00e9missions en 2015.<\/p>\n<p>Plus de cinq millions de personnes \u00e0 Born\u00e9o et \u00e0 Sumatra ont ainsi \u00e9t\u00e9 directement expos\u00e9es aux risques sanitaires li\u00e9s \u00e0 ces fum\u00e9es, celles-ci entra\u00eenant une augmentation des probl\u00e8mes respiratoires.<\/p>\n<p>Dans ces r\u00e9gions, plus de 1,4 million d&rsquo;\u00e9l\u00e8ves suivent d\u00e9sormais des cours \u00e0 distance, car de nombreuses \u00e9coles sont ferm\u00e9es en raison de la d\u00e9t\u00e9rioration de la qualit\u00e9 de l&rsquo;air.<\/p>\n<p> <img decoding=\"async\" src=\"https:\/\/www.europesays.com\/ch-fr\/wp-content\/uploads\/2026\/09\/ad44053e-29348363.image.jpeg\" alt=\"Vue a\u00e9rienne de Kuching, la capitale de l'Etat de Sarawak \u00e0 Born\u00e9o. [AFP - MOHD RASFAN]\" title=\"Vue a\u00e9rienne de Kuching, la capitale de l'Etat de Sarawak \u00e0 Born\u00e9o. [AFP - MOHD RASFAN]\" loading=\"lazy\"\/>  Vue a\u00e9rienne de Kuching, la capitale de l&rsquo;Etat de Sarawak \u00e0 Born\u00e9o. [AFP &#8211; MOHD RASFAN] Une pollution ressentie en Malaisie, aux Philippines et \u00e0 Singapour<\/p>\n<p>Les pays voisins prennent aussi des mesures face \u00e0 cette pollution. En Malaisie, le gouvernement a d\u00e9clar\u00e9 l&rsquo;\u00e9tat d&rsquo;urgence dans une r\u00e9gion de l&rsquo;\u00c9tat du Sarawak, situ\u00e9e sur la partie malaisienne de l&rsquo;\u00eele de Born\u00e9o et pr\u00e8s de 650 \u00e9coles seront ferm\u00e9es la semaine prochaine.<\/p>\n<p>Aux Philippines, la qualit\u00e9 de l&rsquo;air est revenue progressivement \u00e0 la normale apr\u00e8s une semaine marqu\u00e9e par des niveaux de particules fines qualifi\u00e9s de \u00ab\u00a0tr\u00e8s malsains\u00a0\u00bb, ce qui avait conduit les autorit\u00e9s \u00e0 fermer les \u00e9coles dans plusieurs villes.<\/p>\n<p>La qualit\u00e9 de l&rsquo;air dans la r\u00e9gion centrale de Singapour est \u00e9galement pass\u00e9e vendredi au niveau \u00ab\u00a0malsain\u00a0\u00bb.<\/p>\n<p> <img decoding=\"async\" src=\"https:\/\/www.europesays.com\/ch-fr\/wp-content\/uploads\/2026\/09\/eca21f8a-29348358.image.jpeg\" alt=\"Deux photographies du b\u00e2timent de l'Assembl\u00e9e l\u00e9gislative de Sarawak \u00e0 Kuching, sur l'\u00eele de Born\u00e9o, le 17 juin et le 5 septembre. [AFP - MOHD RASFAN]\" title=\"Deux photographies du b\u00e2timent de l'Assembl\u00e9e l\u00e9gislative de Sarawak \u00e0 Kuching, sur l'\u00eele de Born\u00e9o, le 17 juin et le 5 septembre. [AFP - MOHD RASFAN]\" loading=\"lazy\"\/>  Deux photographies du b\u00e2timent de l&rsquo;Assembl\u00e9e l\u00e9gislative de Sarawak \u00e0 Kuching, sur l&rsquo;\u00eele de Born\u00e9o, le 17 juin et le 5 septembre. [AFP &#8211; MOHD RASFAN] <\/p>\n<p class=\"sources\">boi avec afp<\/p>\n","protected":false},"excerpt":{"rendered":"Les feux de for\u00eat caus\u00e9s par une s\u00e9cheresse intense se multiplient dans le nord de l&rsquo;Indon\u00e9sie avec des&hellip;\n","protected":false},"author":2,"featured_media":293148,"comment_status":"","ping_status":"","sticky":false,"template":"","format":"standard","meta":{"footnotes":"","_share_on_mastodon":"0"},"categories":[5],"tags":[29338,2889,1835,1501,343,355,15330,418,1391,36641,40,45645,421,15971,2662,84,18913,38452,41,42],"class_list":["post-293147","post","type-post","status-publish","format-standard","has-post-thumbnail","category-international","tag-asie-du-sud-est","tag-catastrophe-naturelle","tag-desastres","tag-desastres-et-accidents","tag-ecole","tag-environnement","tag-feu-de-foret","tag-habitant","tag-incendie","tag-indonesie","tag-international","tag-malaisie","tag-monde","tag-philippines","tag-pollution","tag-sante","tag-secheresse","tag-singapour","tag-world","tag-world-news"],"share_on_mastodon":{"url":"https:\/\/pubeurope.com\/@ch_fr\/117218992147306839","error":""},"_links":{"self":[{"href":"https:\/\/www.europesays.com\/ch-fr\/wp-json\/wp\/v2\/posts\/293147","targetHints":{"allow":["GET"]}}],"collection":[{"href":"https:\/\/www.europesays.com\/ch-fr\/wp-json\/wp\/v2\/posts"}],"about":[{"href":"https:\/\/www.europesays.com\/ch-fr\/wp-json\/wp\/v2\/types\/post"}],"author":[{"embeddable":true,"href":"https:\/\/www.europesays.com\/ch-fr\/wp-json\/wp\/v2\/users\/2"}],"replies":[{"embeddable":true,"href":"https:\/\/www.europesays.com\/ch-fr\/wp-json\/wp\/v2\/comments?post=293147"}],"version-history":[{"count":0,"href":"https:\/\/www.europesays.com\/ch-fr\/wp-json\/wp\/v2\/posts\/293147\/revisions"}],"wp:featuredmedia":[{"embeddable":true,"href":"https:\/\/www.europesays.com\/ch-fr\/wp-json\/wp\/v2\/media\/293148"}],"wp:attachment":[{"href":"https:\/\/www.europesays.com\/ch-fr\/wp-json\/wp\/v2\/media?parent=293147"}],"wp:term":[{"taxonomy":"category","embeddable":true,"href":"https:\/\/www.europesays.com\/ch-fr\/wp-json\/wp\/v2\/categories?post=293147"},{"taxonomy":"post_tag","embeddable":true,"href":"https:\/\/www.europesays.com\/ch-fr\/wp-json\/wp\/v2\/tags?post=293147"}],"curies":[{"name":"wp","href":"https:\/\/api.w.org\/{rel}","templated":true}]}}