{"id":293153,"date":"2026-09-05T14:55:13","date_gmt":"2026-09-05T14:55:13","guid":{"rendered":"https:\/\/www.europesays.com\/ch-fr\/293153\/"},"modified":"2026-09-05T14:55:13","modified_gmt":"2026-09-05T14:55:13","slug":"geneve-servette-remporte-son-premier-match-de-champions-league-2","status":"publish","type":"post","link":"https:\/\/www.europesays.com\/ch-fr\/293153\/","title":{"rendered":"Gen\u00e8ve-Servette remporte son premier match de Champions League"},"content":{"rendered":"<p data-path-to-node=\"3\">\u00c0 peine rentr\u00e9e d&rsquo;Italie avec une m\u00e9daille de bronze autour du cou, la Genevoise Laure M\u00e9riguet retrouve d\u00e9j\u00e0 la r\u00e9alit\u00e9 de son quotidien d&rsquo;\u00e9tudiante. \u00c0 17 ans, la benjamine de l&rsquo;\u00e9quipe de Suisse de hockey sur glace revient sur une parenth\u00e8se enchant\u00e9e, entre \u00e9toiles dans les yeux et pieds sur terre, \u00e0 retrouver en version longue.<\/p>\n<p data-path-to-node=\"4\">C&rsquo;est dans le cadre d\u00e9contract\u00e9 d&rsquo;une terrasse qu&rsquo;on retrouve Laure M\u00e9riguet. Entre ses mains, l&rsquo;objet de toutes les convoitises: une m\u00e9daille de bronze olympique, lourde de ses 450 grammes et de souvenirs imp\u00e9rissables. \u00abC\u2019est une fiert\u00e9 d\u2019avoir \u00e7a en vrai, \u00e7a nous rappelle que c\u2019est r\u00e9el, que \u00e7a s\u2019est pass\u00e9 et que maintenant c\u2019est \u00e0 nous, on ne peut pas nous l\u2019enlever\u00bb. Pour celle qui \u00e9volue au Gen\u00e8ve-Servette M18, le r\u00eave s&rsquo;est mat\u00e9rialis\u00e9 un soir d&rsquo;overtime intense, une lib\u00e9ration apr\u00e8s soixante minutes de haute tension.<\/p>\n<p data-path-to-node=\"4\">\u00abC\u2019\u00e9tait que du bonheur, que de la joie. Une lib\u00e9ration\u00bb<\/p>\n<p data-path-to-node=\"6\">Si elle \u00e9tait la plus jeune athl\u00e8te de la d\u00e9l\u00e9gation lors de ces JO, Laure M\u00e9riguet garde une maturit\u00e9 surprenante. Pas question de prendre la grosse t\u00eate, m\u00eame apr\u00e8s avoir c\u00f4toy\u00e9 les plus grandes stars mondiales au village olympique. \u00abPour moi c\u2019est naturel, mes parents m\u2019ont toujours appris \u00e0 \u00eatre comme \u00e7a et je ne vais pas changer parce que quelque chose m\u2019arrive\u00bb.<\/p>\n<p data-path-to-node=\"7\">Cette simplicit\u00e9 l&rsquo;a suivie jusque dans les couloirs du village, o\u00f9 elle a notamment crois\u00e9 la superstar de NHL Matthew Tkachuk. \u00abIl s&rsquo;est mis \u00e0 c\u00f4t\u00e9 de moi \u00e0 la salle de sport, sur son petit v\u00e9lo, et il a commenc\u00e9 \u00e0 me tailler la bavette comme si on \u00e9tait potes alors que c&rsquo;est une superstar dont je suis fan\u00bb. Malgr\u00e9 ces moments hors du temps, la r\u00e9alit\u00e9 a vite repris ses droits d\u00e8s le retour \u00e0 Gen\u00e8ve.<\/p>\n<p data-path-to-node=\"7\">\u00abC&rsquo;est dur de retourner dans sa chambre toute seule, de d\u00e9baller ses valises. \u00c7a pique un peu\u00bb<\/p>\n<p data-path-to-node=\"9\">Derri\u00e8re cette m\u00e9daille se cache un investissement familial colossal. Sa maman, Carine, a \u00e9t\u00e9 le pilier de ce parcours, multipliant les trajets entre Gen\u00e8ve, Lausanne et Zoug pour permettre \u00e0 Laure de s&rsquo;entra\u00eener avec l&rsquo;\u00e9quipe nationale. \u00abMa m\u00e8re faisait les trajets Gen\u00e8ve-Zoug les lundis apr\u00e8s-midi et on rentrait \u00e0 une heure du matin\u00bb, se souvient l&rsquo;attaquante.<\/p>\n<p data-path-to-node=\"10\">Pour Carine, l&rsquo;\u00e9motion reste vive: \u00abLes soixante minutes de match, j\u2019avais des crampes d\u2019estomac. C&rsquo;est un beau r\u00eave et un beau r\u00e9sultat qu&rsquo;elles ont fait, toute l&rsquo;\u00e9quipe\u00bb. Ce soutien, Laure le retrouve aussi aupr\u00e8s de son fr\u00e8re, lui-m\u00eame hockeyeur, qui l&rsquo;aide \u00e0 analyser ses performances avec bienveillance.<\/p>\n<p data-path-to-node=\"12\">Le retour au quotidien signifie aussi le retour \u00e0 l&rsquo;\u00e9cole. Actuellement en troisi\u00e8me ann\u00e9e, l&rsquo;objectif prioritaire est l&rsquo;obtention de la maturit\u00e9 gymnastiale.<\/p>\n<p data-path-to-node=\"12\">\u00abC&rsquo;est bien d&rsquo;avoir un papier scolaire, c&rsquo;est quand m\u00eame la base\u00bb<\/p>\n<p data-path-to-node=\"13\">Mais une fois le dipl\u00f4me en poche, Laure M\u00e9riguet compte bien traverser l&rsquo;Atlantique. Son regard est tourn\u00e9 vers le Canada ou les \u00c9tats-Unis, avec l&rsquo;ambition d&rsquo;int\u00e9grer le niveau universitaire de la NCAA, puis potentiellement la PWHL (Professional Women\u2019s Hockey League). \u00abAller en Am\u00e9rique du Nord, au Canada, ce serait vraiment un objectif\u00bb. En attendant, la Genevoise savoure chaque instant, consciente d&rsquo;avoir v\u00e9cu une exp\u00e9rience \u00abjuste magique\u00bb.<\/p>\n<p data-path-to-node=\"13\">Entretien r\u00e9alis\u00e9 par Benjamin Smadja \/ Adaptation web avec IA<\/p>\n","protected":false},"excerpt":{"rendered":"\u00c0 peine rentr\u00e9e d&rsquo;Italie avec une m\u00e9daille de bronze autour du cou, la Genevoise Laure M\u00e9riguet retrouve d\u00e9j\u00e0&hellip;\n","protected":false},"author":2,"featured_media":293154,"comment_status":"","ping_status":"","sticky":false,"template":"","format":"standard","meta":{"footnotes":"","_share_on_mastodon":"0"},"categories":[17],"tags":[170,169,23],"class_list":["post-293153","post","type-post","status-publish","format-standard","has-post-thumbnail","category-geneve","tag-geneva","tag-geneve","tag-suisse"],"share_on_mastodon":{"url":"https:\/\/pubeurope.com\/@ch_fr\/117219014926272845","error":""},"_links":{"self":[{"href":"https:\/\/www.europesays.com\/ch-fr\/wp-json\/wp\/v2\/posts\/293153","targetHints":{"allow":["GET"]}}],"collection":[{"href":"https:\/\/www.europesays.com\/ch-fr\/wp-json\/wp\/v2\/posts"}],"about":[{"href":"https:\/\/www.europesays.com\/ch-fr\/wp-json\/wp\/v2\/types\/post"}],"author":[{"embeddable":true,"href":"https:\/\/www.europesays.com\/ch-fr\/wp-json\/wp\/v2\/users\/2"}],"replies":[{"embeddable":true,"href":"https:\/\/www.europesays.com\/ch-fr\/wp-json\/wp\/v2\/comments?post=293153"}],"version-history":[{"count":0,"href":"https:\/\/www.europesays.com\/ch-fr\/wp-json\/wp\/v2\/posts\/293153\/revisions"}],"wp:featuredmedia":[{"embeddable":true,"href":"https:\/\/www.europesays.com\/ch-fr\/wp-json\/wp\/v2\/media\/293154"}],"wp:attachment":[{"href":"https:\/\/www.europesays.com\/ch-fr\/wp-json\/wp\/v2\/media?parent=293153"}],"wp:term":[{"taxonomy":"category","embeddable":true,"href":"https:\/\/www.europesays.com\/ch-fr\/wp-json\/wp\/v2\/categories?post=293153"},{"taxonomy":"post_tag","embeddable":true,"href":"https:\/\/www.europesays.com\/ch-fr\/wp-json\/wp\/v2\/tags?post=293153"}],"curies":[{"name":"wp","href":"https:\/\/api.w.org\/{rel}","templated":true}]}}