{"id":293219,"date":"2026-09-05T15:51:12","date_gmt":"2026-09-05T15:51:12","guid":{"rendered":"https:\/\/www.europesays.com\/ch-fr\/293219\/"},"modified":"2026-09-05T15:51:12","modified_gmt":"2026-09-05T15:51:12","slug":"on-veut-offrir-un-divertissement-de-qualite-frederic-guery-directeur-du-theatre-des-varietes-a-beziers-devoile-la-nouvelle-saison","status":"publish","type":"post","link":"https:\/\/www.europesays.com\/ch-fr\/293219\/","title":{"rendered":"\u00ab\u00a0On veut offrir un divertissement de qualit\u00e9\u00a0\u00bb\u00a0: Fr\u00e9d\u00e9ric Gu\u00e9ry, directeur du th\u00e9\u00e2tre des Vari\u00e9t\u00e9s, \u00e0 B\u00e9ziers, d\u00e9voile la nouvelle saison"},"content":{"rendered":"<p>\n                                                                Fr\u00e9d\u00e9ric Gu\u00e9ry, le directeur du th\u00e9\u00e2tre des Vari\u00e9t\u00e9s, \u00e0 B\u00e9ziers, l\u00e8ve le voile sur la toute nouvelle saison 2026-2027. Au programme\u00a0: des formes multiples, tout \u00e0 la fois cocasses, burlesques, musicales\u2026 Revue de d\u00e9tail.\n                            <\/p>\n<p>\u00ab\u00a0Au-del\u00e0 des frous-frous et des paillettes chers au music-hall, on a voulu monter une programmation qui a du fond, qui fait sens et qui questionne le spectateur mais sans prise de t\u00eate intello. Une saison qui offre un divertissement de qualit\u00e9 et accessible \u00e0 tous les publics.\u00a0\u00bb<\/p>\n<p>Apr\u00e8s une demi-saison d\u2019ouverture qui a convoqu\u00e9 les figures tut\u00e9laires du cabaret (de Jos\u00e9phine Baker \u00e0 Colette en passant par Maurice Chevalier), Fr\u00e9d\u00e9ric Gu\u00e9ry, le directeur du th\u00e9\u00e2tre des Vari\u00e9t\u00e9s, \u00e0 B\u00e9ziers, et ses \u00e9quipes ont concoct\u00e9 une tr\u00e8s belle affiche pour l\u2019ann\u00e9e qui s\u2019annonce.<\/p>\n<p>Des formats multiples<\/p>\n<p>\u00ab\u00a0Au-del\u00e0 de ces \u00e9vocations, on a voulu aller vers des formes multiples, parfois hybrides, qui m\u00ealent chant, musique et th\u00e9\u00e2tre\u00a0\u00bb, poursuit le directeur. Tour \u00e0 tour cocasses, burlesques, po\u00e9tiques, enlev\u00e9es ou brillantes, ces propositions devraient s\u00e9duire un large auditoire. Petite revue de d\u00e9tail\u2026<\/p>\n<p>Outre la soir\u00e9e d\u2019ouverture du 6e Festival d\u2019automne le 1er\u00a0octobre avec Les Huit Saisons (lire ci-dessous), le th\u00e9\u00e2tre des Vari\u00e9t\u00e9s d\u00e9ploiera les 9 rendez-vous de sa nouvelle saison \u00e0 partir du 20\u00a0novembre, avec\u00a0la c\u00e9l\u00e9bration du 40e anniversaire de la pi\u00e8ce Le Barillet, de Jean-Pierre P\u00e9laez, cr\u00e9\u00e9e \u00e0 B\u00e9ziers.<\/p>\n<p>Exercices de style<\/p>\n<p>Un\u00a0kal\u00e9idoscope th\u00e9\u00e2tral compos\u00e9 de 144 variations courtes autour d\u2019un m\u00eame th\u00e8me minimaliste et absurde\u00a0: une situation de crise qui doit se r\u00e9soudre \u00ab\u00a0\u00e0 coups de revolver\u00a0\u00bb. \u00ab\u00a0Le metteur en sc\u00e8ne en choisit une vingtaine qui toutes racontent \u00e0 peu pr\u00e8s la m\u00eame histoire mais avec des th\u00e8mes, des tons et des contextes diff\u00e9rents, un peu \u00e0 la fa\u00e7on des Exercices de style, de Raymond Queneau\u00a0\u00bb.<\/p>\n<p>Le 27\u00a0novembre, place \u00e0 Smile, une pi\u00e8ce enti\u00e8rement en noir et blanc qui se\u00a0projette au temps des jeunes ann\u00e9es de Charlie\u00a0Chaplin. \u00ab\u00a0C\u2019est vraiment bluffant, s\u2019enthousiasme Fr\u00e9d\u00e9ric Gu\u00e9ry, on a l\u2019impression d\u2019\u00eatre projet\u00e9 dans un film de Charlot car la pi\u00e8ce reprend tous les codes du cin\u00e9ma noir et blanc, avec ses ralentis et ses acc\u00e9l\u00e9r\u00e9s, son burlesque\u2026\u00a0\u00bb Onirique et (tr\u00e8s) \u00e9mouvant.<\/p>\n<p>Glamour mais culott\u00e9<\/p>\n<p>Le 3\u00a0d\u00e9cembre, un glamour incroyablement culott\u00e9 sera \u00e0 l\u2019honneur avec Les Vilaines, trois filles au temp\u00e9rament explosif qui, \u00ab\u00a0entre chansons originales pleines d\u2019esprit, confessions croustillantes et chor\u00e9graphies aff\u00fbt\u00e9es, chantent, dansent et piquent l\u00e0 o\u00f9 \u00e7a fait rire\u00a0\u00bb.<\/p>\n<p>Pour mieux c\u00e9l\u00e9brer\u00a0la vie, place, le jeudi 10\u00a0d\u00e9cembre, \u00e0 Broadway Rythm\u00a0o\u00f9 une chanteuse et deux champions du monde de claquettes revisitent les\u00a0standards new-yorkais de la com\u00e9die musicale dans un voyage o\u00f9 le jazz rencontre Broadway.<\/p>\n<p>Mardi 26\u00a0janvier, Les Caroline, un spectacle qui r\u00e9unit\u00a0Caroline Loeb et Caroline Montier, d\u00e9clineront avec panache l\u2019esprit du music-hall dans un face \u00e0 face complice entre une chanteuse de cabaret et une artiste lyrique. \u00ab\u00a0C\u2019est dr\u00f4le, \u00e7a p\u00e9tille, entre performances vocales et gouaille parisienne.\u00a0\u00bb<\/p>\n<p>Des chanteurs excentriques<\/p>\n<p>Les S\u0153urs Papilles, elles, de vraies-fausses jumelles, proposeront leur spectacle musical le 19\u00a0f\u00e9vrier, une cr\u00e9ation tout \u00e0 la fois \u00ab\u00a0\u00e9l\u00e9gante et singuli\u00e8re\u00a0\u00bb o\u00f9 elles d\u00e9clinent les chansons originales de Jean-Marie S\u00e9nia, au creux de sayn\u00e8tes raffin\u00e9es et d\u00e9cal\u00e9es.<\/p>\n<p>The Opera Locos, le 23\u00a0mars, mettra aux prises cinq chanteurs d\u2019op\u00e9ra excentriques, un peu barr\u00e9s, dans un r\u00e9cital d\u00e9jant\u00e9 m\u00ealant des grands airs classiques aux succ\u00e8s de la pop.<\/p>\n<p>Un vent de folie<\/p>\n<p>La Cie Les Zolibrius fera souffler un vent de folie et d\u2019op\u00e9rette, le 22\u00a0avril avec Un mari \u00e0 la porte, un vaudeville acidul\u00e9 o\u00f9 les quiproquos et les portes qui claquent s\u2019encha\u00eenent sans faiblir sur des musiques d\u2019Offenbach.<\/p>\n<p>Enfin Le Siffleur de Fred Radix conclura en beaut\u00e9 la saison le 4\u00a0juin. \u00ab\u00a0C\u2019est un spectacle singulier, un v\u00e9ritable Ovni, conclut Fr\u00e9d\u00e9ric Gu\u00e9ry, entre th\u00e9\u00e2tre, humour et\u00a0conf\u00e9rence musicale interactive. C\u2019est brillant et on rit du d\u00e9but \u00e0 la fin.\u00a0\u00bb<\/p>\n<p>\u00a0<\/p>\n<p>    Un 6e Festival d\u2019automne singulier<\/p>\n<p>La 6e \u00e9dition du Festival d\u2019automne, orchestr\u00e9e par le conservatoire B\u00e9ziers M\u00e9diterran\u00e9e offre, du 1er au 4\u00a0octobre, une programmation \u00e9clectique et ludique, m\u00ealant musique, performances, lieux embl\u00e9matiques et plaisirs gastronomiques. En ouverture, (jeudi\u00a01er, 20\u00a0h\u00a030, th\u00e9\u00e2tre des Vari\u00e9t\u00e9s), avec\u00a0Les Huit saisons, les musiciens de l\u2019Orchestre symphonique B\u00e9ziers M\u00e9diterran\u00e9e\u00a0instaurent un dialogue entre Vivaldi et Piazzola, entre la musique, l\u2019accord\u00e9on et une peinture r\u00e9alis\u00e9e en direct par l\u2019artiste S\u00e9verine Colmet Da\u00e2ge.<br \/>Noche de Oro (vendredi\u00a02, 19\u00a0h, Villa Meyer), lui, propose un voyage au c\u0153ur de la musique espagnole des XVIe et XVIIe\u00a0si\u00e8cles o\u00f9 voix, instruments et po\u00e9sie se m\u00ealent pour exprimer l\u2019amour et les passions humaines. La soir\u00e9e se prolongera autour d\u2019un cocktail.<br \/>Puccini, pub ou s\u00e9rie\u00a0? (samedi\u00a03, 19\u00a0h, th\u00e9\u00e2tre du Minotaure) est un spectacle interactif qui replace ces musiques que l\u2019on conna\u00eet souvent de fa\u00e7on fragment\u00e9e parce qu\u2019on les a entendues dans des pubs ou s\u00e9ries dans leurs \u0153uvres d\u2019origine. Une jolie et surprenante fa\u00e7on de renouer avec les grands classiques. La soir\u00e9e sera suivie d\u2019un buffet d\u00eenatoire.<br \/>Enfin, Va voir \u00e0 Naples si j\u2019y suis (dimanche\u00a04, 19\u00a0h, h\u00f4tel particulier) est un r\u00e9cit musical dr\u00f4le et \u00e9mouvant qui explore les racines de la musique italienne \u00e0 travers l\u2019histoire\u00a0d\u2019un chanteur lyrique en pleine crise artistique qui part sur les traces de son grand-p\u00e8re.<\/p>\n<p>Renseignements, tarifs et r\u00e9servations sur www.beziers-mediterranee.com.<\/p>\n<p>Le th\u00e9\u00e2tre des Vari\u00e9t\u00e9s (9 rue Victor-Hugo), accueille \u00e9galement, tout au long de l\u2019ann\u00e9e, les \u00e9l\u00e8ves du conservatoire B\u00e9ziers M\u00e9diterran\u00e9e dans des spectacles de danse, musique et th\u00e9\u00e2tre \u00e0 d\u00e9couvrir. www.beziers-mediterranee.com<\/p>\n","protected":false},"excerpt":{"rendered":"Fr\u00e9d\u00e9ric Gu\u00e9ry, le directeur du th\u00e9\u00e2tre des Vari\u00e9t\u00e9s, \u00e0 B\u00e9ziers, l\u00e8ve le voile sur la toute nouvelle saison&hellip;\n","protected":false},"author":2,"featured_media":293220,"comment_status":"","ping_status":"","sticky":false,"template":"","format":"standard","meta":{"footnotes":"","_share_on_mastodon":"0"},"categories":[15],"tags":[14401,158,157,291,113,112,635,159,23,173],"class_list":["post-293219","post","type-post","status-publish","format-standard","has-post-thumbnail","category-people","tag-beziers","tag-celebrities","tag-celebrity","tag-culture-et-loisirs","tag-divertissement","tag-entertainment","tag-herault","tag-people","tag-suisse","tag-theatre"],"share_on_mastodon":{"url":"https:\/\/pubeurope.com\/@ch_fr\/117219235368930810","error":""},"_links":{"self":[{"href":"https:\/\/www.europesays.com\/ch-fr\/wp-json\/wp\/v2\/posts\/293219","targetHints":{"allow":["GET"]}}],"collection":[{"href":"https:\/\/www.europesays.com\/ch-fr\/wp-json\/wp\/v2\/posts"}],"about":[{"href":"https:\/\/www.europesays.com\/ch-fr\/wp-json\/wp\/v2\/types\/post"}],"author":[{"embeddable":true,"href":"https:\/\/www.europesays.com\/ch-fr\/wp-json\/wp\/v2\/users\/2"}],"replies":[{"embeddable":true,"href":"https:\/\/www.europesays.com\/ch-fr\/wp-json\/wp\/v2\/comments?post=293219"}],"version-history":[{"count":0,"href":"https:\/\/www.europesays.com\/ch-fr\/wp-json\/wp\/v2\/posts\/293219\/revisions"}],"wp:featuredmedia":[{"embeddable":true,"href":"https:\/\/www.europesays.com\/ch-fr\/wp-json\/wp\/v2\/media\/293220"}],"wp:attachment":[{"href":"https:\/\/www.europesays.com\/ch-fr\/wp-json\/wp\/v2\/media?parent=293219"}],"wp:term":[{"taxonomy":"category","embeddable":true,"href":"https:\/\/www.europesays.com\/ch-fr\/wp-json\/wp\/v2\/categories?post=293219"},{"taxonomy":"post_tag","embeddable":true,"href":"https:\/\/www.europesays.com\/ch-fr\/wp-json\/wp\/v2\/tags?post=293219"}],"curies":[{"name":"wp","href":"https:\/\/api.w.org\/{rel}","templated":true}]}}