{"id":293235,"date":"2026-09-05T16:02:34","date_gmt":"2026-09-05T16:02:34","guid":{"rendered":"https:\/\/www.europesays.com\/ch-fr\/293235\/"},"modified":"2026-09-05T16:02:34","modified_gmt":"2026-09-05T16:02:34","slug":"fribourg-les-deputes-discuteront-en-urgence-dune-aide-aux-paysans","status":"publish","type":"post","link":"https:\/\/www.europesays.com\/ch-fr\/293235\/","title":{"rendered":"Fribourg: les d\u00e9put\u00e9s discuteront en urgence d&rsquo;une aide aux paysans"},"content":{"rendered":"<p>    <img src=\"https:\/\/www.europesays.com\/ch-fr\/wp-content\/uploads\/2026\/09\/ad6d946b395fb1b35265465bcf6f7b10bf9c7edc-92005396.jpg\" width=\"1400\" height=\"1050\" alt=\"\" loading=\"eager\" decoding=\"sync\" fetchpriority=\"high\"\/><\/p>\n<p>            Keystone-SDA        <\/p>\n<p>        Les d\u00e9put\u00e9s fribourgeois ont accept\u00e9 vendredi l&rsquo;octroi du statut d&rsquo;urgence \u00e0 la motion demandant une \u00ab\u00a0aide extraordinaire \u00e0 l&rsquo;agriculture fribourgeoise face \u00e0 la s\u00e9cheresse 2026\u00a0\u00bb. Les auteurs demandent au Conseil d\u2019Etat d&rsquo;instaurer un soutien \u00e0 fonds perdu de 10 millions de francs.\n<\/p>\n<p>        Ce contenu a \u00e9t\u00e9 publi\u00e9 sur    <\/p>\n<p>        04 septembre 2026 &#8211; 11:48\n<\/p>\n<p> (Keystone-ATS) La proc\u00e9dure acc\u00e9l\u00e9r\u00e9e a pass\u00e9 la rampe par 67 voix contre 18 et 7 abstentions, une majorit\u00e9 de 56 voix \u00e9tant requise. Le fond n\u2019a pas \u00e9t\u00e9 \u00e9voqu\u00e9 \u00e0 ce stade du cheminement de l\u2019instrument parlementaire. Les opposants ont soulign\u00e9, en vain, qu\u2019il importait d\u2019attendre les d\u00e9cisions venant des Chambres f\u00e9d\u00e9rales. Selon eux, traiter le sujet au d\u00e9but octobre est pr\u00e9matur\u00e9.<\/p>\n<p>Les auteurs de la motion sont les d\u00e9put\u00e9s UDC Adrian Br\u00fcgger et Eric Barras. Ce dernier a \u00e9voqu\u00e9 les \u00abcons\u00e9quences financi\u00e8res qui se manifestent maintenant et pas dans deux ans\u00bb, en s\u2019interrogeant sur la n\u00e9cessit\u00e9 de toujours se cacher derri\u00e8re la \u00abBerne f\u00e9d\u00e9rale\u00bb. Quant au d\u00e9put\u00e9 PLR Fritz Glauser, il s\u2019est inqui\u00e9t\u00e9 de la situation des jeunes agriculteurs.<\/p>\n<p>Le Conseil f\u00e9d\u00e9ral a annonc\u00e9 le 26 ao\u00fbt, dans le contexte de la s\u00e9cheresse qui s\u00e9vit depuis des mois, une aide de 54 millions de francs pour cette ann\u00e9e, sous forme de pr\u00eats sans int\u00e9r\u00eats. Objectif: soulager la tr\u00e9sorerie des exploitations en difficult\u00e9.<\/p>\n<p>La Conf\u00e9d\u00e9ration a \u00e9galement promis, d\u00e9but ao\u00fbt cette fois, de verser l\u2019int\u00e9gralit\u00e9 des paiements directs, m\u00eame si certaines conditions d\u2019octroi ne sont pas remplies. Il est de m\u00eame pr\u00e9vu d\u2019anticiper le versement d\u2019une partie des paiements directs.<\/p>\n","protected":false},"excerpt":{"rendered":"Keystone-SDA Les d\u00e9put\u00e9s fribourgeois ont accept\u00e9 vendredi l&rsquo;octroi du statut d&rsquo;urgence \u00e0 la motion demandant une \u00ab\u00a0aide extraordinaire&hellip;\n","protected":false},"author":2,"featured_media":293236,"comment_status":"","ping_status":"","sticky":false,"template":"","format":"standard","meta":{"footnotes":"","_share_on_mastodon":"0"},"categories":[3],"tags":[23,36],"class_list":["post-293235","post","type-post","status-publish","format-standard","has-post-thumbnail","category-suisse","tag-suisse","tag-ticker"],"share_on_mastodon":{"url":"https:\/\/pubeurope.com\/@ch_fr\/117219278903434708","error":""},"_links":{"self":[{"href":"https:\/\/www.europesays.com\/ch-fr\/wp-json\/wp\/v2\/posts\/293235","targetHints":{"allow":["GET"]}}],"collection":[{"href":"https:\/\/www.europesays.com\/ch-fr\/wp-json\/wp\/v2\/posts"}],"about":[{"href":"https:\/\/www.europesays.com\/ch-fr\/wp-json\/wp\/v2\/types\/post"}],"author":[{"embeddable":true,"href":"https:\/\/www.europesays.com\/ch-fr\/wp-json\/wp\/v2\/users\/2"}],"replies":[{"embeddable":true,"href":"https:\/\/www.europesays.com\/ch-fr\/wp-json\/wp\/v2\/comments?post=293235"}],"version-history":[{"count":0,"href":"https:\/\/www.europesays.com\/ch-fr\/wp-json\/wp\/v2\/posts\/293235\/revisions"}],"wp:featuredmedia":[{"embeddable":true,"href":"https:\/\/www.europesays.com\/ch-fr\/wp-json\/wp\/v2\/media\/293236"}],"wp:attachment":[{"href":"https:\/\/www.europesays.com\/ch-fr\/wp-json\/wp\/v2\/media?parent=293235"}],"wp:term":[{"taxonomy":"category","embeddable":true,"href":"https:\/\/www.europesays.com\/ch-fr\/wp-json\/wp\/v2\/categories?post=293235"},{"taxonomy":"post_tag","embeddable":true,"href":"https:\/\/www.europesays.com\/ch-fr\/wp-json\/wp\/v2\/tags?post=293235"}],"curies":[{"name":"wp","href":"https:\/\/api.w.org\/{rel}","templated":true}]}}