{"id":293255,"date":"2026-09-05T16:21:16","date_gmt":"2026-09-05T16:21:16","guid":{"rendered":"https:\/\/www.europesays.com\/ch-fr\/293255\/"},"modified":"2026-09-05T16:21:16","modified_gmt":"2026-09-05T16:21:16","slug":"une-premiere-pole-position-pour-pierre-gasly-au-gp-ditalie","status":"publish","type":"post","link":"https:\/\/www.europesays.com\/ch-fr\/293255\/","title":{"rendered":"Une premi\u00e8re pole position pour Pierre Gasly, au GP d&rsquo;Italie"},"content":{"rendered":"<p class=\"wysiwyg-h2\">Le Fran\u00e7ais Pierre Gasly (Alpine) a d\u00e9croch\u00e9 \u00e0 la surprise g\u00e9n\u00e9rale la pole position du Grand Prix d&rsquo;Italie de Formule 1. Il a r\u00e9alis\u00e9 le meilleur temps des qualifications samedi \u00e0 Monza.<\/p>\n<p>La derni\u00e8re pole position d\u00e9croch\u00e9e par un Fran\u00e7ais en Formule 1 datait de 1997 et avait \u00e9t\u00e9 r\u00e9alis\u00e9 par Jean Alesi (Benetton), d\u00e9j\u00e0 dans le &lsquo;Temple de la vitesse&rsquo;.<\/p>\n<p>C&rsquo;est d\u00e9j\u00e0 sur le mythique trac\u00e9 italien que Gasly, qui habite \u00e0 Milan, \u00e0 seulement quelques minutes de l\u00e0, avait d\u00e9croch\u00e9 son unique victoire en Formule 1 en 2020. &lsquo;J&rsquo;ai gagn\u00e9 ma premi\u00e8re course \u00e0 Monza et maintenant je d\u00e9croche ma premi\u00e8re pole position ici, il y a vraiment quelque chose de particulier ici&rsquo;, a d\u00e9clar\u00e9 le Fran\u00e7ais.<\/p>\n<p>Gasly a devanc\u00e9 le grand favori des qualifications, le Britannique George Russell (Mercedes), et l&rsquo;Australien Oscar Piastri (McLaren) de respectivement 60 et 180 milli\u00e8mes de seconde.<\/p>\n<p>Bien aid\u00e9 par son co\u00e9quipier argentin Franco Colapinto (Alpine), qui lui a offert une pr\u00e9cieuse aspiration, le Fran\u00e7ais a r\u00e9alis\u00e9 un tour parfait pour d\u00e9jouer tous les pronostics. Il avait d\u00e9j\u00e0 sign\u00e9 le meilleur temps de la Q1, la premi\u00e8re partie des qualifications, puis le quatri\u00e8me chrono de la Q2, avant d&rsquo;arracher la pole position en Q3.<\/p>\n<p>Les Ferrari en embuscade<\/p>\n<p>M\u00eame s&rsquo;il s&rsquo;\u00e9lancera en t\u00eate, Gasly aura toutefois bien du mal \u00e0 contenir les monoplaces plus performantes de Mercedes, McLaren ou Ferrari dimanche lors du Grand Prix.<\/p>\n<p>Malgr\u00e9 le soutien inconditionnel de dizaines de milliers de tifosi qui ont encore envahi le &lsquo;Temple de la vitesse&rsquo; ce week-end, les Ferrari du Mon\u00e9gasque Charles Leclerc et du septuple champion du monde britannique Lewis Hamilton ont d\u00fb se contenter des quatri\u00e8me et cinqui\u00e8me places.<\/p>\n<p>Le quadruple champion du monde n\u00e9erlandais Max Verstappen (Red Bull) s&rsquo;\u00e9lancera au sixi\u00e8me rang. L&rsquo;Italien Kimi Antonelli, leader du championnat du monde avec 59 longueurs d&rsquo;avance sur Russell et Hamilton, a r\u00e9alis\u00e9 le septi\u00e8me temps mais partira 10 rangs plus loin apr\u00e8s avoir chang\u00e9 de moteur avant le rendez-vous italien.<\/p>\n<p> \/ATS<\/p>\n","protected":false},"excerpt":{"rendered":"Le Fran\u00e7ais Pierre Gasly (Alpine) a d\u00e9croch\u00e9 \u00e0 la surprise g\u00e9n\u00e9rale la pole position du Grand Prix d&rsquo;Italie&hellip;\n","protected":false},"author":2,"featured_media":293256,"comment_status":"","ping_status":"","sticky":false,"template":"","format":"standard","meta":{"footnotes":"","_share_on_mastodon":"0"},"categories":[4],"tags":[22,121,124,128,119,122,123,118,136,132,131,133,130,21,135,120,126,117,125,114,115,116,23,129,127,134],"class_list":["post-293255","post","type-post","status-publish","format-standard","has-post-thumbnail","category-actualites","tag-actualites","tag-ajoie","tag-animation","tag-bienne","tag-delemont","tag-franches-montagnes","tag-frequence","tag-jura","tag-jura-bernois","tag-la-chaux-de-fonds","tag-moutier","tag-neuchatel","tag-neuveville","tag-news","tag-payerne","tag-porrentruy","tag-publicite","tag-radio","tag-redaction","tag-rfj","tag-rjb","tag-rtn","tag-suisse","tag-tavannes","tag-vallon-de-st-imier","tag-yverdon"],"share_on_mastodon":{"url":"https:\/\/pubeurope.com\/@ch_fr\/117219353329112694","error":""},"_links":{"self":[{"href":"https:\/\/www.europesays.com\/ch-fr\/wp-json\/wp\/v2\/posts\/293255","targetHints":{"allow":["GET"]}}],"collection":[{"href":"https:\/\/www.europesays.com\/ch-fr\/wp-json\/wp\/v2\/posts"}],"about":[{"href":"https:\/\/www.europesays.com\/ch-fr\/wp-json\/wp\/v2\/types\/post"}],"author":[{"embeddable":true,"href":"https:\/\/www.europesays.com\/ch-fr\/wp-json\/wp\/v2\/users\/2"}],"replies":[{"embeddable":true,"href":"https:\/\/www.europesays.com\/ch-fr\/wp-json\/wp\/v2\/comments?post=293255"}],"version-history":[{"count":0,"href":"https:\/\/www.europesays.com\/ch-fr\/wp-json\/wp\/v2\/posts\/293255\/revisions"}],"wp:featuredmedia":[{"embeddable":true,"href":"https:\/\/www.europesays.com\/ch-fr\/wp-json\/wp\/v2\/media\/293256"}],"wp:attachment":[{"href":"https:\/\/www.europesays.com\/ch-fr\/wp-json\/wp\/v2\/media?parent=293255"}],"wp:term":[{"taxonomy":"category","embeddable":true,"href":"https:\/\/www.europesays.com\/ch-fr\/wp-json\/wp\/v2\/categories?post=293255"},{"taxonomy":"post_tag","embeddable":true,"href":"https:\/\/www.europesays.com\/ch-fr\/wp-json\/wp\/v2\/tags?post=293255"}],"curies":[{"name":"wp","href":"https:\/\/api.w.org\/{rel}","templated":true}]}}