{"id":293263,"date":"2026-09-05T16:34:11","date_gmt":"2026-09-05T16:34:11","guid":{"rendered":"https:\/\/www.europesays.com\/ch-fr\/293263\/"},"modified":"2026-09-05T16:34:11","modified_gmt":"2026-09-05T16:34:11","slug":"ce-facteur-souvent-oublie-augmenterait-le-risque-de-chute-chez-les-personnes-agees","status":"publish","type":"post","link":"https:\/\/www.europesays.com\/ch-fr\/293263\/","title":{"rendered":"Ce facteur souvent oubli\u00e9 augmenterait le risque de chute chez les personnes \u00e2g\u00e9es"},"content":{"rendered":"<p>Les <a href=\"https:\/\/www.futura-sciences.com\/sante\/questions-reponses\/divers-seniors-eviter-chutes-domicile-1894\/\" title=\"S\u00e9niors : comment \u00e9viter les chutes \u00e0 domicile ?\" rel=\"nofollow noopener\" target=\"_blank\">chutes<\/a> constituent l&rsquo;un des principaux probl\u00e8mes de sant\u00e9 publique li\u00e9s \u00e0 l&rsquo;avanc\u00e9e en \u00e2ge. Elles r\u00e9sultent rarement d&rsquo;une cause isol\u00e9e : plusieurs facteurs se cumulent le plus souvent, chacun affaiblissant un maillon diff\u00e9rent de la cha\u00eene qui maintient l&rsquo;\u00e9quilibre.<\/p>\n<p>La fonte musculaire<\/p>\n<p>La <a href=\"https:\/\/www.futura-sciences.com\/sciences\/definitions\/physique-masse-15213\/\" rel=\"nofollow noopener\" target=\"_blank\">masse<\/a> musculaire diminue naturellement avec les ann\u00e9es, ph\u00e9nom\u00e8ne d\u00e9sign\u00e9 sous le terme de sarcop\u00e9nie.<\/p>\n<p>Les muscles des jambes perdent en puissance, les appuis deviennent moins <a href=\"https:\/\/www.futura-sciences.com\/sciences\/definitions\/chimie-solide-15332\/\" rel=\"nofollow noopener\" target=\"_blank\">solides<\/a> et les d\u00e9placements moins stables. Le risque de tr\u00e9bucher ou de perdre l&rsquo;\u00e9quilibre augmente en cons\u00e9quence.<\/p>\n<p>Le d\u00e9r\u00e8glement de l&rsquo;\u00e9quilibre<\/p>\n<p>Le maintien de la posture mobilise plusieurs syst\u00e8mes simultan\u00e9ment : l&rsquo;<a href=\"https:\/\/www.futura-sciences.com\/sante\/questions-reponses\/oreille-interne-traiter-vertiges-dus-cristaux-oreille-interne-14173\/\" title=\"Comment traiter les vertiges dus aux cristaux dans l&#039;oreille interne\" rel=\"nofollow noopener\" target=\"_blank\">oreille interne<\/a>, la vision, les muscles, les articulations et la sensibilit\u00e9 de la plante des pieds.<\/p>\n<p>Avec l&rsquo;\u00e2ge, ces m\u00e9canismes fonctionnent parfois moins efficacement, et le cerveau \u00e9prouve davantage de difficult\u00e9s \u00e0 coordonner l&rsquo;ensemble des informations n\u00e9cessaires \u00e0 la stabilit\u00e9.<\/p>\n<p>\n            <img decoding=\"async\" data-imgid=\"sm\" src=\"https:\/\/www.europesays.com\/ch-fr\/wp-content\/uploads\/2026\/09\/vertiges-orielle-interne-malaise-.jpg\" width=\"320\" height=\"320\" alt=\"L\u2019oreille interne, la vision et la proprioception communiquent \u00e9troitement pour maintenir la stabilit\u00e9. Parfois le syst\u00e8me se d\u00e9r\u00e8gle et\u00a0les vertiges s\u2019installent. \u00a9\u00a0Tunatura, Shutterstock.com\" loading=\"lazy\"\/><br \/>\n        <a href=\"https:\/\/www.futura-sciences.com\/sante\/questions-reponses\/cerveau-troubles-equilibre-peuvent-etre-causes-vertiges-25473\/\" class=\"article-link article-title\" target=\"_blank\" rel=\"nofollow noopener\">Troubles de l&rsquo;\u00e9quilibre : quelles peuvent \u00eatre les causes des vertiges ?<\/a><\/p>\n<p class=\"article-synopsis\">\n        Les vertiges sont des ph\u00e9nom\u00e8nes complexes souvent sous-estim\u00e9s. Les troubles de l\u2019\u00e9quilibre n\u00e9cessitent une attention m\u00e9dicale et ne sont jamais anodins. Ils peuvent r\u00e9v\u00e9ler des causes sous-jacentes allant de l\u2019oreille interne aux maladies cardiovasculaires. Comment reconna\u00eetre les signes et agir \u00e0 temps ?&#8230; Lire la suite\n    <\/p>\n<\/p>\n<p>Des r\u00e9flexes ralentis<\/p>\n<p>Face \u00e0 un obstacle ou \u00e0 un faux pas, le temps de r\u00e9action s&rsquo;allonge, notamment en raison d&rsquo;une diminution progressive de la <a href=\"https:\/\/www.futura-sciences.com\/sciences\/definitions\/physique-vitesse-324\/\" rel=\"nofollow noopener\" target=\"_blank\">vitesse<\/a> de <a href=\"https:\/\/www.futura-sciences.com\/tech\/definitions\/logiciels-transmission-27634\/\" rel=\"nofollow noopener\" target=\"_blank\">transmission<\/a> de l&rsquo;<a href=\"https:\/\/www.futura-sciences.com\/sante\/definitions\/biologie-potentiel-action-172\/\" rel=\"nofollow noopener\" target=\"_blank\">influx nerveux<\/a>. Se rattraper ou retrouver son \u00e9quilibre avant la chute devient alors plus difficile.<\/p>\n<p>Une vision moins fiable<\/p>\n<p>Plusieurs troubles <a href=\"https:\/\/www.futura-sciences.com\/sciences\/definitions\/univers-oculaire-988\/\" rel=\"nofollow noopener\" target=\"_blank\">oculaires<\/a> alt\u00e8rent le champ visuel et la perception des reliefs, des marches ou des objets au sol : <a href=\"https:\/\/www.futura-sciences.com\/sante\/dossiers\/medecine-cataracte-causes-traitement-860\/\" title=\"Cataracte : causes et traitement\" rel=\"nofollow noopener\" target=\"_blank\">cataracte<\/a>, presbytie, glaucome, <a href=\"https:\/\/www.futura-sciences.com\/sante\/definitions\/medecine-degenerescence-maculaire-liee-age-4035\/\" rel=\"nofollow noopener\" target=\"_blank\">d\u00e9g\u00e9n\u00e9rescence maculaire<\/a> li\u00e9e \u00e0 l&rsquo;\u00e2ge. Les obstacles se rep\u00e8rent plus tardivement, ce qui favorise m\u00e9caniquement les chutes.<\/p>\n<p>Le poids des maladies chroniques<\/p>\n<p>Certaines <a href=\"https:\/\/www.futura-sciences.com\/sante\/definitions\/medecine-pathologie-2800\/\" rel=\"nofollow noopener\" target=\"_blank\">pathologies<\/a> accroissent nettement le risque. La <a href=\"https:\/\/www.futura-sciences.com\/sante\/definitions\/medecine-maladie-parkinson-191\/\" rel=\"nofollow noopener\" target=\"_blank\">maladie de Parkinson<\/a> alt\u00e8re la coordination et la mobilit\u00e9. Le <a href=\"https:\/\/www.futura-sciences.com\/sante\/definitions\/medecine-diabete-3242\/\" rel=\"nofollow noopener\" target=\"_blank\">diab\u00e8te<\/a> peut entra\u00eener une perte de sensibilit\u00e9 au niveau des pieds. Les <a href=\"https:\/\/www.futura-sciences.com\/sante\/definitions\/medecine-sequelle-2844\/\" rel=\"nofollow noopener\" target=\"_blank\">s\u00e9quelles<\/a> d&rsquo;un <a href=\"https:\/\/www.futura-sciences.com\/sante\/definitions\/medecine-accident-vasculaire-cerebral-2455\/\" rel=\"nofollow noopener\" target=\"_blank\">accident vasculaire c\u00e9r\u00e9bral<\/a> affectent la motricit\u00e9. L&rsquo;<a href=\"https:\/\/www.futura-sciences.com\/sante\/definitions\/medecine-arthrose-4325\/\" rel=\"nofollow noopener\" target=\"_blank\">arthrose<\/a>, li\u00e9e \u00e0 l&rsquo;usure du <a href=\"https:\/\/www.futura-sciences.com\/sante\/dossiers\/medecine-arthrose-origine-traitement-arthrose-888\/page\/11\/\" title=\"Interview : la r\u00e9paration du cartilage articulaire\" rel=\"nofollow noopener\" target=\"_blank\">cartilage articulaire<\/a>, provoque <a href=\"https:\/\/www.futura-sciences.com\/sante\/definitions\/medecine-douleur-17039\/\" rel=\"nofollow noopener\" target=\"_blank\">douleurs<\/a> et raideurs qui perturbent la marche.<\/p>\n<p class=\"fs-media\">\n<p><img decoding=\"async\" data-imgid=\"full\" src=\"https:\/\/www.europesays.com\/ch-fr\/wp-content\/uploads\/2026\/09\/chutes-personnes-agees.png\" width=\"1080\" height=\"1980\" alt=\"\" loading=\"lazy\"\/><br \/>\nLe risque de chutes devient plus fr\u00e9quent en vieillissant. \u00a9 LightFieldStudios, iStock<\/p>\n<p>L&rsquo;effet cumulatif des m\u00e9dicaments<\/p>\n<p>De nombreuses personnes \u00e2g\u00e9es suivent plusieurs traitements quotidiens pour des affections diff\u00e9rentes. L&rsquo;association de plusieurs m\u00e9dicaments augmente le risque d&rsquo;effets ind\u00e9sirables : vertiges, <a href=\"https:\/\/www.futura-sciences.com\/sante\/definitions\/sommeil-somnolence-3618\/\" rel=\"nofollow noopener\" target=\"_blank\">somnolence<\/a>, chutes de tension au lever. La relation est directe, le risque de chute croissant avec le nombre de <a href=\"https:\/\/www.futura-sciences.com\/sciences\/definitions\/chimie-molecule-783\/\" rel=\"nofollow noopener\" target=\"_blank\">mol\u00e9cules<\/a> prises.<\/p>\n<p>\n            <img decoding=\"async\" data-imgid=\"sm\" src=\"https:\/\/www.europesays.com\/ch-fr\/wp-content\/uploads\/2026\/09\/personne-agee-img-1.jpg\" width=\"320\" height=\"320\" alt=\"Les accidents de la vie courante font chaque ann\u00e9e plusieurs milliers de victimes chaque ann\u00e9e, notamment chez les personnes \u00e2g\u00e9es\u00a0\u00a9 Depositphotos\" loading=\"lazy\"\/><br \/>\n        <a href=\"https:\/\/www.futura-sciences.com\/sante\/questions-reponses\/sante-mieux-proteger-personnes-agees-face-accidents-domestiques-22673\/\" class=\"article-link article-title\" target=\"_blank\" rel=\"nofollow noopener\">Comment mieux prot\u00e9ger les personnes \u00e2g\u00e9es face aux accidents domestiques ?<\/a><\/p>\n<p class=\"article-synopsis\">\n        Avec l\u2019\u00e2ge, le domicile n\u2019est plus toujours ce havre de paix que l\u2019on imagine. Chutes, br\u00fblures, malaises\u2026 les accidents domestiques touchent chaque ann\u00e9e de nombreux seniors, souvent pris au d\u00e9pourvu par un corps qui r\u00e9pond moins bien ou un environnement devenu inadapt\u00e9. Pourtant, des solutions simples et efficaces existent pour pr\u00e9server leur s\u00e9curit\u00e9 et leur autonomie&#8230;. Lire la suite\n    <\/p>\n<\/p>\n<p>Ce constat n&rsquo;appelle toutefois aucune d\u00e9cision individuelle. Interrompre ou modifier un traitement sans avis m\u00e9dical expose \u00e0 des cons\u00e9quences bien plus graves qu&rsquo;une chute. La d\u00e9marche appropri\u00e9e consiste \u00e0 demander une r\u00e9vision de l&rsquo;ordonnance au m\u00e9decin traitant, qui peut \u00e9valuer l&rsquo;utilit\u00e9 de chaque mol\u00e9cule et ajuster ce qui doit l&rsquo;\u00eatre. Les <a href=\"https:\/\/www.futura-sciences.com\/formation\/metiers\/metiers-pharmacien-283\/\" rel=\"nofollow noopener\" target=\"_blank\">pharmaciens<\/a> r\u00e9alisent \u00e9galement des bilans partag\u00e9s de m\u00e9dication.<\/p>\n<p>Ce sur quoi il est possible d&rsquo;agir<\/p>\n<p>La plupart de ces facteurs se corrigent, au moins partiellement. L&rsquo;activit\u00e9 <a href=\"https:\/\/www.futura-sciences.com\/sciences\/definitions\/physique-physique-15839\/\" rel=\"nofollow noopener\" target=\"_blank\">physique<\/a> r\u00e9guli\u00e8re constitue le levier le mieux document\u00e9, en particulier les exercices combinant renforcement musculaire et travail de l&rsquo;\u00e9quilibre, qui agissent directement sur la sarcop\u00e9nie et sur la coordination.<\/p>\n<p>L&rsquo;environnement domestique compte tout autant. Tapis mal fix\u00e9s, \u00e9clairage insuffisant, absence de barre d&rsquo;appui dans la salle de bain, encombrement des passages : ces \u00e9l\u00e9ments concentrent une part importante des accidents.<\/p>\n<p>\n            <img decoding=\"async\" data-imgid=\"sm\" src=\"https:\/\/www.europesays.com\/ch-fr\/wp-content\/uploads\/2026\/09\/sport-cerveau-senior.jpeg\" width=\"320\" height=\"320\" alt=\"Les chercheurs se concentrent actuellement sur la cr\u00e9ation d'une recette id\u00e9ale et motivante pour l'entra\u00eenement des seniors qui combine \u00e0 la fois des exercices physiques et cognitifs. \u00a9\u00a0Karina, Adobe Stock\u00a0\" loading=\"lazy\"\/><br \/>\n        <a href=\"https:\/\/www.futura-sciences.com\/sante\/questions-reponses\/sport-activites-physiques-pratiquer-ameliorer-son-cerveau-apres-60-ans-20619\/\" class=\"article-link article-title\" target=\"_blank\" rel=\"nofollow noopener\">Quelles activit\u00e9s physiques pratiquer pour am\u00e9liorer son cerveau apr\u00e8s 60 ans ?<\/a><\/p>\n<p class=\"article-synopsis\">\n        Quelle serait la recette id\u00e9ale, et surtout motivante, pour maintenir les seniors et leur cerveau en forme ? Des chercheurs pensent avoir trouv\u00e9 la formule magique qui combine \u00e0 la fois des exercices physiques et cognitifs, tout en y int\u00e9grant un autre ingr\u00e9dient beaucoup plus inattendu&#8230;. Lire la suite\n    <\/p>\n<\/p>\n<p>Un contr\u00f4le r\u00e9gulier de la vue et de l&rsquo;audition, une v\u00e9rification du chaussage et une \u00e9valuation m\u00e9dicale apr\u00e8s toute chute compl\u00e8tent ces mesures.<\/p>\n<p>Ce dernier point m\u00e9rite d&rsquo;\u00eatre soulign\u00e9. Une premi\u00e8re chute augmente fortement la probabilit\u00e9 qu&rsquo;une autre survienne, et elle installe souvent une appr\u00e9hension qui pousse \u00e0 r\u00e9duire les d\u00e9placements.<\/p>\n<p>Cette diminution d&rsquo;activit\u00e9 aggrave \u00e0 son tour la perte musculaire et l&rsquo;instabilit\u00e9, enclenchant un cercle dont il devient difficile de sortir. Signaler une chute \u00e0 son m\u00e9decin, m\u00eame sans blessure, permet d&rsquo;en rechercher la cause et d&rsquo;interrompre cet encha\u00eenement.<\/p>\n<p>\u00a0<\/p>\n","protected":false},"excerpt":{"rendered":"Les chutes constituent l&rsquo;un des principaux probl\u00e8mes de sant\u00e9 publique li\u00e9s \u00e0 l&rsquo;avanc\u00e9e en \u00e2ge. Elles r\u00e9sultent rarement&hellip;\n","protected":false},"author":2,"featured_media":293264,"comment_status":"","ping_status":"","sticky":false,"template":"","format":"standard","meta":{"footnotes":"","_share_on_mastodon":"0"},"categories":[9],"tags":[63959,7174,45977,3657,63964,7194,63962,83,2486,6315,56244,4942,8860,63961,55549,63958,84,63960,39513,23,63963,4845],"class_list":["post-293263","post","type-post","status-publish","format-standard","has-post-thumbnail","category-sante","tag-accident-des-seniors","tag-activite-physique","tag-chute-des-personnes-agees","tag-corps-humain","tag-desequilibre","tag-equilibre","tag-fonte-musculaire","tag-health","tag-les-tendances","tag-maladies-chroniques","tag-masse-musculaire","tag-medicament","tag-muscle","tag-perte-musculaire","tag-reflexes","tag-risque-de-chute","tag-sante","tag-sante-des-personnes-agees","tag-sarcopenie","tag-suisse","tag-trouble-oculaire","tag-vieillissement"],"share_on_mastodon":{"url":"https:\/\/pubeurope.com\/@ch_fr\/117219405195648786","error":""},"_links":{"self":[{"href":"https:\/\/www.europesays.com\/ch-fr\/wp-json\/wp\/v2\/posts\/293263","targetHints":{"allow":["GET"]}}],"collection":[{"href":"https:\/\/www.europesays.com\/ch-fr\/wp-json\/wp\/v2\/posts"}],"about":[{"href":"https:\/\/www.europesays.com\/ch-fr\/wp-json\/wp\/v2\/types\/post"}],"author":[{"embeddable":true,"href":"https:\/\/www.europesays.com\/ch-fr\/wp-json\/wp\/v2\/users\/2"}],"replies":[{"embeddable":true,"href":"https:\/\/www.europesays.com\/ch-fr\/wp-json\/wp\/v2\/comments?post=293263"}],"version-history":[{"count":0,"href":"https:\/\/www.europesays.com\/ch-fr\/wp-json\/wp\/v2\/posts\/293263\/revisions"}],"wp:featuredmedia":[{"embeddable":true,"href":"https:\/\/www.europesays.com\/ch-fr\/wp-json\/wp\/v2\/media\/293264"}],"wp:attachment":[{"href":"https:\/\/www.europesays.com\/ch-fr\/wp-json\/wp\/v2\/media?parent=293263"}],"wp:term":[{"taxonomy":"category","embeddable":true,"href":"https:\/\/www.europesays.com\/ch-fr\/wp-json\/wp\/v2\/categories?post=293263"},{"taxonomy":"post_tag","embeddable":true,"href":"https:\/\/www.europesays.com\/ch-fr\/wp-json\/wp\/v2\/tags?post=293263"}],"curies":[{"name":"wp","href":"https:\/\/api.w.org\/{rel}","templated":true}]}}