{"id":293297,"date":"2026-09-05T17:11:20","date_gmt":"2026-09-05T17:11:20","guid":{"rendered":"https:\/\/www.europesays.com\/ch-fr\/293297\/"},"modified":"2026-09-05T17:11:20","modified_gmt":"2026-09-05T17:11:20","slug":"vuelta-marco-brenner-offre-a-lequipe-tudor-sa-1re-victoire","status":"publish","type":"post","link":"https:\/\/www.europesays.com\/ch-fr\/293297\/","title":{"rendered":"Vuelta : Marco Brenner offre \u00e0 l&rsquo;\u00e9quipe Tudor sa 1re victoire"},"content":{"rendered":"<p>L&rsquo;Allemand Marco Brenner, qui \u00e9volue pour l&rsquo;\u00e9quipe suisse Tudor, a remport\u00e9 la 14e \u00e9tape du Tour d&rsquo;Espagne au sommet de Sierra de la Pandera. L&rsquo;Espagnol Enric Mas a consolid\u00e9 son maillot rouge de leader.<\/p>\n<p>C&rsquo;est la premi\u00e8re fois que la formation dirig\u00e9e par l&rsquo;ancien coureur bernois Fabian Cancellara d\u00e9croche un bouquet sur un Grand Tour. Il s&rsquo;agit d&rsquo;ailleurs de la premi\u00e8re Vuelta disput\u00e9e par Tudor, apr\u00e8s ses participations aux Giros 2024 et 2025 et aux Tour de France 2025 et 2026.<\/p>\n<p>La formation suisse peut donc remercier Marco Brenner, qui a devanc\u00e9 dans un sprint \u00e0 deux le Colombien Santiago Buitrago pour signer \u00e0 24 ans la 4e victoire de sa carri\u00e8re, un mois apr\u00e8s son succ\u00e8s final au Tour de Pologne.<\/p>\n<p>Enric Mas creuse encore<\/p>\n<p>Leader du classement g\u00e9n\u00e9ral depuis la chute et l&rsquo;abandon de Tadej Pogacar, Enric Mas a assur\u00e9 le coup dans le groupe des favoris \u00e0 la victoire finale. Le coureur de la Movistar a m\u00eame repris 25 secondes sur Primoz Roglic (+2&rsquo;10 au g\u00e9n\u00e9ral), qui a perdu sa place de dauphin au profit de l&rsquo;Autrichien Felix Gall (+2&rsquo;06).<\/p>\n<p>&gt;&gt; A lire aussi\u00a0: <a href=\"https:\/\/www.rts.ch\/articles\/2026\/article\/tadej-pogacar-fin-de-saison-apres-son-abandon-sur-la-vuelta-29348267.html\" data-item-id=\"richtext_link\" rel=\"nofollow noopener\" target=\"_blank\">Fin de saison pour Pogacar apr\u00e8s son abandon sur la Vuelta<\/a><\/p>\n<p class=\"sources\">ats\/pza<\/p>\n","protected":false},"excerpt":{"rendered":"L&rsquo;Allemand Marco Brenner, qui \u00e9volue pour l&rsquo;\u00e9quipe suisse Tudor, a remport\u00e9 la 14e \u00e9tape du Tour d&rsquo;Espagne au&hellip;\n","protected":false},"author":2,"featured_media":293298,"comment_status":"","ping_status":"","sticky":false,"template":"","format":"standard","meta":{"footnotes":"","_share_on_mastodon":"0"},"categories":[8],"tags":[36390,21150,15636,29915,63982,1105,35550,1107,63983,54798,466,63144,28274,186,75,23,31396,2085,29286,2273,1224,57529],"class_list":["post-293297","post","type-post","status-publish","format-standard","has-post-thumbnail","category-sports","tag-14e-etape","tag-allemands","tag-astana-qazaqstan-team","tag-bahrain-victorious","tag-cristian-rodriguez","tag-cyclisme","tag-enric-mas","tag-etape","tag-grand-tour","tag-marco-brenner","tag-rts-sport","tag-santiago-buitrago","tag-sommet-q2073269","tag-sport","tag-sports","tag-suisse","tag-tour-despagne","tag-tout-le-sport","tag-tudor-pro-cycling-team","tag-vainqueur","tag-victoire","tag-world-tour-vuelta"],"share_on_mastodon":{"url":"https:\/\/pubeurope.com\/@ch_fr\/117219549675179154","error":""},"_links":{"self":[{"href":"https:\/\/www.europesays.com\/ch-fr\/wp-json\/wp\/v2\/posts\/293297","targetHints":{"allow":["GET"]}}],"collection":[{"href":"https:\/\/www.europesays.com\/ch-fr\/wp-json\/wp\/v2\/posts"}],"about":[{"href":"https:\/\/www.europesays.com\/ch-fr\/wp-json\/wp\/v2\/types\/post"}],"author":[{"embeddable":true,"href":"https:\/\/www.europesays.com\/ch-fr\/wp-json\/wp\/v2\/users\/2"}],"replies":[{"embeddable":true,"href":"https:\/\/www.europesays.com\/ch-fr\/wp-json\/wp\/v2\/comments?post=293297"}],"version-history":[{"count":0,"href":"https:\/\/www.europesays.com\/ch-fr\/wp-json\/wp\/v2\/posts\/293297\/revisions"}],"wp:featuredmedia":[{"embeddable":true,"href":"https:\/\/www.europesays.com\/ch-fr\/wp-json\/wp\/v2\/media\/293298"}],"wp:attachment":[{"href":"https:\/\/www.europesays.com\/ch-fr\/wp-json\/wp\/v2\/media?parent=293297"}],"wp:term":[{"taxonomy":"category","embeddable":true,"href":"https:\/\/www.europesays.com\/ch-fr\/wp-json\/wp\/v2\/categories?post=293297"},{"taxonomy":"post_tag","embeddable":true,"href":"https:\/\/www.europesays.com\/ch-fr\/wp-json\/wp\/v2\/tags?post=293297"}],"curies":[{"name":"wp","href":"https:\/\/api.w.org\/{rel}","templated":true}]}}