{"id":293301,"date":"2026-09-05T17:16:11","date_gmt":"2026-09-05T17:16:11","guid":{"rendered":"https:\/\/www.europesays.com\/ch-fr\/293301\/"},"modified":"2026-09-05T17:16:11","modified_gmt":"2026-09-05T17:16:11","slug":"tout-roule-au-jura-bike-park","status":"publish","type":"post","link":"https:\/\/www.europesays.com\/ch-fr\/293301\/","title":{"rendered":"Tout roule au Jura Bike Park"},"content":{"rendered":"<p>Roulez jeunesse ! Les participants au championnat jurassien de pumptrack pour enfants ont ouvert le bal du Jura Bike Park ce samedi matin \u00e0 Porrentruy, avant que le grand public ne puisse go\u00fbter pour la premi\u00e8re fois aux nombreuses bosses, pistes en goudron, en terre et autre airbag. Le site, dont l\u2019implantation au Bann\u00e9, sur les hauteurs de la cit\u00e9 bruntrutaine, aura co\u00fbt\u00e9 plus d\u2019un million de francs, s\u2019\u00e9tend sur 11&rsquo;000 m2. <\/p>\n<p>Si quelques pistes doivent encore \u00eatre r\u00e9alis\u00e9es, et si d\u2019autres am\u00e9nagements doivent encore \u00eatre faits pour que le projet soit totalement men\u00e9 \u00e0 son terme, le d\u00e9sormais plus grand bike park de Suisse romande est d\u00e9j\u00e0 tr\u00e8s appr\u00e9ci\u00e9. Sa conception, dont le Barcelonais Xavi \u00ab Sherwy \u00bb Pasamonte est en partie responsable, n\u2019y est pas pour rien. Le Jura Bike Park est en effet con\u00e7u pour que tous les \u00e9l\u00e9ments soient interconnect\u00e9s. Une particularit\u00e9 qui permet de rassembler les usagers, qui peuvent tous y trouver leur compte, peu importe leur niveau. \u00ab Tous ces jeunes et moins jeunes se sont tr\u00e8s tr\u00e8s vite appropri\u00e9 toutes les pistes du park. \u00c7a fait vraiment plaisir ! \u00bb, explique d\u2019ailleurs Arnaud Ma\u00eetre, pr\u00e9sident de la fondation Jura Bike Park. D\u2019ici l\u2019inauguration officielle au printemps prochain, ils devraient par cons\u00e9quent \u00eatre nombreux \u00e0 avaler les bosses\u2026 \/tbe<\/p>\n","protected":false},"excerpt":{"rendered":"Roulez jeunesse ! Les participants au championnat jurassien de pumptrack pour enfants ont ouvert le bal du Jura&hellip;\n","protected":false},"author":2,"featured_media":293302,"comment_status":"","ping_status":"","sticky":false,"template":"","format":"standard","meta":{"footnotes":"","_share_on_mastodon":"0"},"categories":[4],"tags":[22,121,124,128,119,122,123,118,136,132,131,133,130,21,135,120,126,117,125,114,115,116,23,129,127,134],"class_list":["post-293301","post","type-post","status-publish","format-standard","has-post-thumbnail","category-actualites","tag-actualites","tag-ajoie","tag-animation","tag-bienne","tag-delemont","tag-franches-montagnes","tag-frequence","tag-jura","tag-jura-bernois","tag-la-chaux-de-fonds","tag-moutier","tag-neuchatel","tag-neuveville","tag-news","tag-payerne","tag-porrentruy","tag-publicite","tag-radio","tag-redaction","tag-rfj","tag-rjb","tag-rtn","tag-suisse","tag-tavannes","tag-vallon-de-st-imier","tag-yverdon"],"share_on_mastodon":{"url":"https:\/\/pubeurope.com\/@ch_fr\/117219569583658270","error":""},"_links":{"self":[{"href":"https:\/\/www.europesays.com\/ch-fr\/wp-json\/wp\/v2\/posts\/293301","targetHints":{"allow":["GET"]}}],"collection":[{"href":"https:\/\/www.europesays.com\/ch-fr\/wp-json\/wp\/v2\/posts"}],"about":[{"href":"https:\/\/www.europesays.com\/ch-fr\/wp-json\/wp\/v2\/types\/post"}],"author":[{"embeddable":true,"href":"https:\/\/www.europesays.com\/ch-fr\/wp-json\/wp\/v2\/users\/2"}],"replies":[{"embeddable":true,"href":"https:\/\/www.europesays.com\/ch-fr\/wp-json\/wp\/v2\/comments?post=293301"}],"version-history":[{"count":0,"href":"https:\/\/www.europesays.com\/ch-fr\/wp-json\/wp\/v2\/posts\/293301\/revisions"}],"wp:featuredmedia":[{"embeddable":true,"href":"https:\/\/www.europesays.com\/ch-fr\/wp-json\/wp\/v2\/media\/293302"}],"wp:attachment":[{"href":"https:\/\/www.europesays.com\/ch-fr\/wp-json\/wp\/v2\/media?parent=293301"}],"wp:term":[{"taxonomy":"category","embeddable":true,"href":"https:\/\/www.europesays.com\/ch-fr\/wp-json\/wp\/v2\/categories?post=293301"},{"taxonomy":"post_tag","embeddable":true,"href":"https:\/\/www.europesays.com\/ch-fr\/wp-json\/wp\/v2\/tags?post=293301"}],"curies":[{"name":"wp","href":"https:\/\/api.w.org\/{rel}","templated":true}]}}