{"id":293319,"date":"2026-09-05T17:34:07","date_gmt":"2026-09-05T17:34:07","guid":{"rendered":"https:\/\/www.europesays.com\/ch-fr\/293319\/"},"modified":"2026-09-05T17:34:07","modified_gmt":"2026-09-05T17:34:07","slug":"litiere-pour-chat-vaud-et-geneve-pronent-la-litiere-vegetale","status":"publish","type":"post","link":"https:\/\/www.europesays.com\/ch-fr\/293319\/","title":{"rendered":"Liti\u00e8re pour chat: Vaud et Gen\u00e8ve pr\u00f4nent la liti\u00e8re v\u00e9g\u00e9tale"},"content":{"rendered":"<p>Les cantons de Gen\u00e8ve et Vaud lancent une campagne de sensibilisation pour inviter les propri\u00e9taires de chats \u00e0 remplacer la liti\u00e8re min\u00e9rale par une liti\u00e8re v\u00e9g\u00e9tale. Objectif: r\u00e9duire ce type de d\u00e9chets dans les d\u00e9charges.<\/p>\n<p>Les deux cantons, associ\u00e9s aux organismes vaudois de gestion des d\u00e9chets, rappellent que la majorit\u00e9 des liti\u00e8res sont compos\u00e9es de bentonite, une argile min\u00e9rale qui ne se consume pas \u00e0 l&rsquo;incin\u00e9ration. \u00ab\u00a0Elle termine donc dans les r\u00e9sidus solides de l&rsquo;incin\u00e9ration\u00a0\u00bb, appel\u00e9s m\u00e2chefers.<\/p>\n<p>Ces m\u00e2chefers repr\u00e9sentent environ 500&rsquo;000 tonnes par an en Suisse, dont 11% sont compos\u00e9s de liti\u00e8res min\u00e9rales pour chat. \u00ab\u00a0Ils doivent \u00eatre entrepos\u00e9s dans des d\u00e9charges contr\u00f4l\u00e9es, elles-m\u00eames proches de la saturation et qui mobilisent des surfaces au d\u00e9triment d&rsquo;autres usages, notamment naturels\u00a0\u00bb, pr\u00e9cisent les cantons.<\/p>\n<p> &gt;&gt; Ecouter le sujet de Forum\u00a0:    Vaud et Gen\u00e8ve lancent une campagne de sensibilisation sur les liti\u00e8res pour chat: interview de Florence Frossard \/ Forum \/ 5 min. \/ aujourd&rsquo;hui \u00e0 18:06 \u00ab\u00a0On ne peut rien faire de ces r\u00e9sidus\u00a0\u00bb<\/p>\n<p>Dans le canton de Gen\u00e8ve, la liti\u00e8re min\u00e9rale g\u00e9n\u00e8re 5000 tonnes de r\u00e9sidus par an \u00e0 mettre en d\u00e9charge. Pour Vaud, ce chiffre atteint 5300 tonnes. \u00ab\u00a0C&rsquo;est vraiment \u00e9norme\u00a0\u00bb, rel\u00e8ve samedi dans Forum Florence Frossard, coordinatrice de la campagne pour <a href=\"https:\/\/www.responsables.ch\/\" class=\"inline-link\" title=\"Accueil - Responsables.ch\" data-item-id=\"richtext_link\" data-rts-ece-id=\"7c97a6e6-7150-3127-95b5-09457346b3a4\" target=\"_blank\" rel=\"noopener nofollow\">responsables.ch<\/a>, une initiative vaudoise qui sensibilise \u00e0 la r\u00e9duction des d\u00e9chets.<\/p>\n<p>\u00ab\u00a0On ne peut plus rien faire de ces r\u00e9sidus. On doit les entreposer quelque part. A Gen\u00e8ve, la d\u00e9charge qui existait pour ces d\u00e9chets est pleine. Les r\u00e9sidus sont envoy\u00e9s actuellement dans le Jura en attendant de trouver une solution locale. Les deux d\u00e9charges vaudoises ont aussi ferm\u00e9 et les r\u00e9sidus sont envoy\u00e9s en Suisse al\u00e9manique, explique-t-elle.<\/p>\n<p>Pour une liti\u00e8re v\u00e9g\u00e9tale<\/p>\n<p>Les cantons l\u00e9maniques rel\u00e8vent qu&rsquo;il existe pourtant \u00ab\u00a0une solution accessible\u00a0\u00bb, \u00e0 savoir la liti\u00e8re v\u00e9g\u00e9tale, fabriqu\u00e9e \u00e0 partir de copeaux de bois, de fibres de ma\u00efs, de chanvre ou de papier recycl\u00e9. \u00ab\u00a0Contrairement \u00e0 la liti\u00e8re min\u00e9rale, elle se consume presque enti\u00e8rement \u00e0 l&rsquo;incin\u00e9ration et contribue m\u00eame, comme le reste des d\u00e9chets m\u00e9nagers, \u00e0 produire de l&rsquo;\u00e9lectricit\u00e9 et de la chaleur\u00a0\u00bb, expliquent-ils.<\/p>\n<p>Ces liti\u00e8res v\u00e9g\u00e9tales pr\u00e9sentent d&rsquo;autres avantages: moins de poussi\u00e8re; plus l\u00e9g\u00e8re \u00e0 transporter; sans additifs toxiques ni allergisants; une meilleure absorption de l&rsquo;humidit\u00e9, donc moins de liti\u00e8re consomm\u00e9e.<\/p>\n<p>\u00ab\u00a0Il y a vraiment un excellent confort d&rsquo;utilisation au quotidien. Mais il est vrai que comme pour la liti\u00e8re classique, il y a toutes sortes de gammes et de mati\u00e8res dans les liti\u00e8res v\u00e9g\u00e9tales. Il faut tester et trouver le produit qui nous convient\u00a0\u00bb, indique encore Florence Frossard.<\/p>\n<p>La responsable pr\u00e9cise que la liti\u00e8re v\u00e9g\u00e9tale doit \u00eatre jet\u00e9e \u00e0 la poubelle \u00ab\u00a0parce qu&rsquo;elle doit \u00eatre incin\u00e9r\u00e9e.\u00a0C&rsquo;est une obligation.\u00a0En Suisse, c&rsquo;est surtout pour des raisons sanitaires, pour \u00e9viter la transmission de maladies ou d&rsquo;avoir des restes de m\u00e9dicaments qui pourraient se retrouver dans le compost\u00a0\u00bb.<\/p>\n<p class=\"sources\">Propos recueillis par Anne Fournier<\/p>\n<p class=\"credit\">Adaptation web: lan avec ats<\/p>\n","protected":false},"excerpt":{"rendered":"Les cantons de Gen\u00e8ve et Vaud lancent une campagne de sensibilisation pour inviter les propri\u00e9taires de chats \u00e0&hellip;\n","protected":false},"author":2,"featured_media":293320,"comment_status":"","ping_status":"","sticky":false,"template":"","format":"standard","meta":{"footnotes":"","_share_on_mastodon":"0"},"categories":[3],"tags":[736,818,354,48386,235,12884,1324,344,355,169,304,5643,422,2829,7686,238,23],"class_list":["post-293319","post","type-post","status-publish","format-standard","has-post-thumbnail","category-suisse","tag-campagne","tag-canton-de-geneve","tag-canton-de-vaud","tag-chat-domestique","tag-dechet","tag-dechets","tag-durabilite","tag-economie-et-finances","tag-environnement","tag-geneve","tag-nature","tag-plante","tag-pollution-de-lenvironnement","tag-regions","tag-sensibilisation","tag-societe","tag-suisse"],"share_on_mastodon":{"url":"https:\/\/pubeurope.com\/@ch_fr\/117219640178415494","error":""},"_links":{"self":[{"href":"https:\/\/www.europesays.com\/ch-fr\/wp-json\/wp\/v2\/posts\/293319","targetHints":{"allow":["GET"]}}],"collection":[{"href":"https:\/\/www.europesays.com\/ch-fr\/wp-json\/wp\/v2\/posts"}],"about":[{"href":"https:\/\/www.europesays.com\/ch-fr\/wp-json\/wp\/v2\/types\/post"}],"author":[{"embeddable":true,"href":"https:\/\/www.europesays.com\/ch-fr\/wp-json\/wp\/v2\/users\/2"}],"replies":[{"embeddable":true,"href":"https:\/\/www.europesays.com\/ch-fr\/wp-json\/wp\/v2\/comments?post=293319"}],"version-history":[{"count":0,"href":"https:\/\/www.europesays.com\/ch-fr\/wp-json\/wp\/v2\/posts\/293319\/revisions"}],"wp:featuredmedia":[{"embeddable":true,"href":"https:\/\/www.europesays.com\/ch-fr\/wp-json\/wp\/v2\/media\/293320"}],"wp:attachment":[{"href":"https:\/\/www.europesays.com\/ch-fr\/wp-json\/wp\/v2\/media?parent=293319"}],"wp:term":[{"taxonomy":"category","embeddable":true,"href":"https:\/\/www.europesays.com\/ch-fr\/wp-json\/wp\/v2\/categories?post=293319"},{"taxonomy":"post_tag","embeddable":true,"href":"https:\/\/www.europesays.com\/ch-fr\/wp-json\/wp\/v2\/tags?post=293319"}],"curies":[{"name":"wp","href":"https:\/\/api.w.org\/{rel}","templated":true}]}}