{"id":293325,"date":"2026-09-05T17:39:26","date_gmt":"2026-09-05T17:39:26","guid":{"rendered":"https:\/\/www.europesays.com\/ch-fr\/293325\/"},"modified":"2026-09-05T17:39:26","modified_gmt":"2026-09-05T17:39:26","slug":"paris-ne-paiera-pas-pour-la-manifestation-anti-g7-a-geneve","status":"publish","type":"post","link":"https:\/\/www.europesays.com\/ch-fr\/293325\/","title":{"rendered":"Paris ne paiera pas pour la manifestation anti-G7 \u00e0 Gen\u00e8ve"},"content":{"rendered":"<p>Nous utilisons des cookies pour am\u00e9liorer votre exp\u00e9rience de navigation, concevoir des contenus personnalis\u00e9s et analyser notre trafic. En cliquant sur \u00ab Accepter \u00bb, vous consentez \u00e0 notre utilisation des cookies.<\/p>\n<p>\n\t\t\t\t\tL\u2019acc\u00e8s ou le stockage technique est strictement n\u00e9cessaire dans la finalit\u00e9 d\u2019int\u00e9r\u00eat l\u00e9gitime de permettre l\u2019utilisation d\u2019un service sp\u00e9cifique explicitement demand\u00e9 par l\u2019abonn\u00e9 ou l\u2019utilisateur, ou dans le seul but d\u2019effectuer la transmission d\u2019une communication sur un r\u00e9seau de communications \u00e9lectroniques.\n\t\t\t\t<\/p>\n<p>\n\t\t\t\t\tL\u2019acc\u00e8s ou le stockage technique est n\u00e9cessaire dans la finalit\u00e9 d\u2019int\u00e9r\u00eat l\u00e9gitime de stocker des pr\u00e9f\u00e9rences qui ne sont pas demand\u00e9es par l\u2019abonn\u00e9 ou l\u2019internaute.\n\t\t\t\t<\/p>\n<p>\n\t\t\t\t\tLe stockage ou l\u2019acc\u00e8s technique qui est utilis\u00e9 exclusivement \u00e0 des fins statistiques.<br \/>\n\t\t\t\t\tLe stockage ou l\u2019acc\u00e8s technique qui est utilis\u00e9 exclusivement dans des finalit\u00e9s statistiques anonymes. En l\u2019absence d\u2019une assignation \u00e0 compara\u00eetre, d\u2019une conformit\u00e9 volontaire de la part de votre fournisseur d\u2019acc\u00e8s \u00e0 internet ou d\u2019enregistrements suppl\u00e9mentaires provenant d\u2019une tierce partie, les informations stock\u00e9es ou extraites \u00e0 cette seule fin ne peuvent g\u00e9n\u00e9ralement pas \u00eatre utilis\u00e9es pour vous identifier.\n\t\t\t\t<\/p>\n<p>\n\t\t\t\t\tL\u2019acc\u00e8s ou le stockage technique est n\u00e9cessaire pour cr\u00e9er des profils d\u2019internautes afin d\u2019envoyer des publicit\u00e9s, ou pour suivre l\u2019utilisateur sur un site web ou sur plusieurs sites web ayant des finalit\u00e9s marketing similaires.\n\t\t\t\t<\/p>\n","protected":false},"excerpt":{"rendered":"Nous utilisons des cookies pour am\u00e9liorer votre exp\u00e9rience de navigation, concevoir des contenus personnalis\u00e9s et analyser notre trafic.&hellip;\n","protected":false},"author":2,"featured_media":293326,"comment_status":"","ping_status":"","sticky":false,"template":"","format":"standard","meta":{"footnotes":"","_share_on_mastodon":"0"},"categories":[17],"tags":[170,169,23],"class_list":["post-293325","post","type-post","status-publish","format-standard","has-post-thumbnail","category-geneve","tag-geneva","tag-geneve","tag-suisse"],"share_on_mastodon":{"url":"https:\/\/pubeurope.com\/@ch_fr\/117219659827684156","error":""},"_links":{"self":[{"href":"https:\/\/www.europesays.com\/ch-fr\/wp-json\/wp\/v2\/posts\/293325","targetHints":{"allow":["GET"]}}],"collection":[{"href":"https:\/\/www.europesays.com\/ch-fr\/wp-json\/wp\/v2\/posts"}],"about":[{"href":"https:\/\/www.europesays.com\/ch-fr\/wp-json\/wp\/v2\/types\/post"}],"author":[{"embeddable":true,"href":"https:\/\/www.europesays.com\/ch-fr\/wp-json\/wp\/v2\/users\/2"}],"replies":[{"embeddable":true,"href":"https:\/\/www.europesays.com\/ch-fr\/wp-json\/wp\/v2\/comments?post=293325"}],"version-history":[{"count":0,"href":"https:\/\/www.europesays.com\/ch-fr\/wp-json\/wp\/v2\/posts\/293325\/revisions"}],"wp:featuredmedia":[{"embeddable":true,"href":"https:\/\/www.europesays.com\/ch-fr\/wp-json\/wp\/v2\/media\/293326"}],"wp:attachment":[{"href":"https:\/\/www.europesays.com\/ch-fr\/wp-json\/wp\/v2\/media?parent=293325"}],"wp:term":[{"taxonomy":"category","embeddable":true,"href":"https:\/\/www.europesays.com\/ch-fr\/wp-json\/wp\/v2\/categories?post=293325"},{"taxonomy":"post_tag","embeddable":true,"href":"https:\/\/www.europesays.com\/ch-fr\/wp-json\/wp\/v2\/tags?post=293325"}],"curies":[{"name":"wp","href":"https:\/\/api.w.org\/{rel}","templated":true}]}}