{"id":293349,"date":"2026-09-05T17:57:30","date_gmt":"2026-09-05T17:57:30","guid":{"rendered":"https:\/\/www.europesays.com\/ch-fr\/293349\/"},"modified":"2026-09-05T17:57:30","modified_gmt":"2026-09-05T17:57:30","slug":"exem-40-ans-daffiches-politiques-exposees-a-geneve","status":"publish","type":"post","link":"https:\/\/www.europesays.com\/ch-fr\/293349\/","title":{"rendered":"Exem: 40 ans d\u2019affiches politiques expos\u00e9es \u00e0 Gen\u00e8ve"},"content":{"rendered":"<p> Opinion  <\/p>\n<p>        \u2013   <\/p>\n<p> Exem l\u2019affichiste nous fait voter social au pont de la Machine <\/p>\n<p class=\"lead regular externalicon-big astro-odojtzmo\"> Le Genevois a cr\u00e9\u00e9 500 sujets en 50\u00a0ans. Ont \u00e9t\u00e9 ici retenus les th\u00e8mes li\u00e9s aux scrutins f\u00e9d\u00e9raux, cantonaux et municipaux.  <\/p>\n<p>   <img loading=\"lazy\" decoding=\"async\" src=\"https:\/\/www.europesays.com\/ch-fr\/wp-content\/uploads\/2026\/09\/0vm_Wn-r4ds9DQ79vQYMO8.jpg\"  width=\"100\" height=\"100\"  alt=\"Etienne Dumont\" class=\"AuthorImage -content-head authorimage astro-ivm7rlur astro-uymtm5hg\" style=\"background-color:#808080\"\/>         Publi\u00e9 aujourd\u2019hui \u00e0 19h24                          LinkedIn Lien copi\u00e9 Error occurred        Facebook Lien copi\u00e9 Error occurred        X Lien copi\u00e9 Error occurred           E-mail Lien copi\u00e9 Error occurred        Copier le lien Lien copi\u00e9 Error occurred                    <img decoding=\"async\" loading=\"eager\" fetchpriority=\"high\" src=\"https:\/\/www.europesays.com\/ch-fr\/wp-content\/uploads\/2026\/09\/F8rc4kvSqmVBAa4islu-_p.jpg\" data-image-url=\"https:\/\/www.europesays.com\/ch-fr\/wp-content\/uploads\/2026\/09\/F8rc4kvSqmVBAa4islu-_p.jpg\" alt=\"Un homme debout devant des affiches politiques dont \u2019Non \u00e0 la destruction des Bains des P\u00e2quis\u2019 et \u2019Non \u00e0 l\u2019initiative x\u00e9nophobe\u2019.\" title=\"Un homme debout devant des affiches politiques dont \u2019Non \u00e0 la destruction des Bains des P\u00e2quis\u2019 et \u2019Non \u00e0 l\u2019initiative x\u00e9nophobe\u2019.\" class=\"ResponsiveImage responsive-image astro-xbt4piv4\" style=\"background-color:#788D82\" onload=\"this.style.backgroundColor = &quot;transparent&quot;\"\/>           <\/p>\n<p>Exem devant l\u2019ionique affiche cr\u00e9\u00e9e pour les Bains des P\u00e2quis. On y retrouve son animal f\u00e9tiche, la pieuvre.<\/p>\n<p>Laurent Guiraud, Tribune de Gen\u00e8ve. <\/p>\n<p class=\"astro-gkn4pfbc articleParagraph externalicon-big focus _content-width article-element astro-bqhs6jcx\">Ce n\u2019est pas la premi\u00e8re fois. J\u2019irai m\u00eame jusqu\u2019\u00e0 dire qu\u2019Emmanuel Escoffier, dit Exem, manque rarement de visibilit\u00e9 (1). \u00c0 75\u00a0ans (le temps passe\u2026) l\u2019homme reste constamment \u00e0 l\u2019affiche. Au propre comme au figur\u00e9, bien s\u00fbr. Il faut dire que durant sa longue carri\u00e8re le Genevois en aurait con\u00e7u environ 500. C\u2019est du moins ce que dit depuis quelques jours au pont de la Machine la derni\u00e8re en date des expositions consacr\u00e9es \u00e0 ce virtuose de la \u00abligne claire\u00bb. La premi\u00e8re affiche daterait ainsi de 1978. Il s\u2019agirait d\u2019un d\u00e9tournement de la publicit\u00e9 de Manpower. Notre ami a beaucoup d\u00e9tourn\u00e9 depuis. Il a fait siennes des images iconiques du cin\u00e9ma aussi bien que des beaux-arts. Nosferatu, la Joconde, Hokusai, Fritz Lang ou la statuaire africaine se sont ainsi retrouv\u00e9s int\u00e9gr\u00e9s \u00e0 des projets graphiques aux buts le plus souvent politiques ou sociaux (les deux choses n\u2019\u00e9tant de loin pas incompatibles!). Le dessinateur d\u00e9fend de la sorte les causes qui lui sont ch\u00e8res ou qui refl\u00e8tent, pour reprendre les mots d\u2019une ex-r\u00e9dactrice en chef du journal \u00abLe Courrier\u00bb, ses \u00abvaleurs\u00bb (2). Autant dire qu\u2019il ne mettra pas sa plume et ses couleurs au service de n\u2019importe qui et surtout de n\u2019importe quoi. On peut du coup dire qu\u2019Exem cautionne certaines initiatives.<\/p>\n<p>      <img decoding=\"async\" loading=\"lazy\" src=\"https:\/\/www.europesays.com\/ch-fr\/wp-content\/uploads\/2026\/09\/EbmaJJxT4R3Aq_nxv3m9fb.jpg\" data-image-url=\"https:\/\/www.europesays.com\/ch-fr\/wp-content\/uploads\/2026\/09\/EbmaJJxT4R3Aq_nxv3m9fb.jpg\" alt=\"Affiche militante illustr\u00e9e avec des corbeaux et musiciens, texte \u00abNON \u00e0 cette cit\u00e9 de la musique\u00bb contre la monoculture \u00e9litiste \u00e0 Gen\u00e8ve.\" title=\"Affiche militante illustr\u00e9e avec des corbeaux et musiciens, texte \u00abNON \u00e0 cette cit\u00e9 de la musique\u00bb contre la monoculture \u00e9litiste \u00e0 Gen\u00e8ve.\" class=\"ResponsiveImage responsive-image astro-xbt4piv4\" style=\"background-color:#87744D\" onload=\"this.style.backgroundColor = &quot;transparent&quot;\"\/>           <\/p>\n<p>L\u2019affiche contre une Cit\u00e9 de la musique qui ne s\u2019est jamais construite apr\u00e8s un refus populaire.<\/p>\n<p>Exem. <\/p>\n<p class=\"astro-gkn4pfbc articleParagraph externalicon-big focus _content-width article-element astro-bqhs6jcx\">C\u2019est \u00e0 l\u2019initiative de Dominique Huppi qu\u2019Exem se retrouve \u00e0 nouveau dans une institution, ou ce qui lui ressemble. L\u2019homme de TV est un \u00abfan\u00bb d\u00e9clar\u00e9 depuis 1988. Il a collectionn\u00e9 depuis lors les \u0153uvres d\u2019Exem, avec une pr\u00e9f\u00e9rence pour les affiches en format mondial. Un format typiquement suisse, soit dit en passant. Huppi semblait par cons\u00e9quent le co-commissaire id\u00e9al pour cr\u00e9er un accrochage par d\u00e9finition s\u00e9lectif. Il fallait choisir les sujets qui se retrouveraient aux cimaises de \u00abQuai libre\u00bb. Un espace restreint. Certains th\u00e8mes se sont ainsi vus privil\u00e9gi\u00e9s aux d\u00e9pens d\u2019autres. Le choix final adopt\u00e9 est politique au sens strict dans la mesure o\u00f9 la totalit\u00e9 des 40 pi\u00e8ces retenues ont \u00e9t\u00e9 cr\u00e9\u00e9es \u00e0 l\u2019occasion de scrutins f\u00e9d\u00e9raux, cantonaux ou communaux. Avec des id\u00e9es r\u00e9currentes et des ennemis devenus presque h\u00e9r\u00e9ditaires. En Suisse on vote environ tous les dix ans les m\u00eames initiatives propos\u00e9es par les m\u00eames partis, que rien ne d\u00e9courage. J\u2019ai du reste en ce moment sur mon bureau le bulletin pour m\u2019exprimer une nouvelle fois sur l\u2019acc\u00e8s \u00e0 la propri\u00e9t\u00e9 des logements\u2026<\/p>\n<p>      <img decoding=\"async\" loading=\"lazy\" src=\"https:\/\/www.europesays.com\/ch-fr\/wp-content\/uploads\/2026\/09\/93aQHoEq4Yb90Ga_t1c1KF.jpg\" data-image-url=\"https:\/\/www.europesays.com\/ch-fr\/wp-content\/uploads\/2026\/09\/93aQHoEq4Yb90Ga_t1c1KF.jpg\" alt=\"Affiche illustr\u00e9e style bande dessin\u00e9e avec vague g\u00e9ante et texte \u00abNON \u00e0 la 5e r\u00e9vision de l\u2019AI\u00bb, personnages emport\u00e9s par la vague\" title=\"Affiche illustr\u00e9e style bande dessin\u00e9e avec vague g\u00e9ante et texte \u00abNON \u00e0 la 5e r\u00e9vision de l\u2019AI\u00bb, personnages emport\u00e9s par la vague\" class=\"ResponsiveImage responsive-image astro-xbt4piv4\" style=\"background-color:#5F7283\" onload=\"this.style.backgroundColor = &quot;transparent&quot;\"\/>           <\/p>\n<p>Hokusai vient au secours de l\u2019Assurance vieillesse.<\/p>\n<p>Exem.<\/p>\n<p class=\"astro-gkn4pfbc articleParagraph externalicon-big focus _content-width article-element astro-bqhs6jcx\">Si la Course de l\u2019Escalade reste donc absente, il y a aux cimaises le serpent de mer de la travers\u00e9e de la Rade, des tentatives (souvent malheureuses) d\u2019arracher aux sp\u00e9culateurs des espaces verts, les grandes d\u00e9penses de l\u2019\u00c9tat ou l\u2019Assurance vieillesse. Il se retrouve aussi, comme toujours avec la gauche, la d\u00e9fense des fonctionnaires que les gens du priv\u00e9 consid\u00e8rent souvent comme des privil\u00e9gi\u00e9s. Peu d\u2019images pour la culture, m\u00eame si j\u2019ai reconnu l\u2019affiche cr\u00e9\u00e9e pour un Mus\u00e9e d\u2019ethnographie refus\u00e9 par le peuple en 2001. Les cartels donnent du reste \u00e0 chaque fois le r\u00e9sultat des votations. Combien de \u00abpour\u00bb. Combien de \u00abcontre\u00bb. Audibles avec \u00e9couteurs, les commentaires d\u2019Exem demeurent en revanche r\u00e9serv\u00e9s \u00e0 certaines \u0153uvres clefs. On ne peut pas tout dire. Et puis les dessins parlent par eux-m\u00eames, sans sacrifier l\u2019esth\u00e9tique. \u00c0 ce propos, je viens de voir dans la rue les placards cr\u00e9\u00e9s pour les votations du 27\u00a0septembre prochain. Il m\u2019a sembl\u00e9 que le graphisme suisse, nagu\u00e8re l\u2019un des plus percutants du monde, n\u2019\u00e9tait jamais tomb\u00e9 aussi bas. J\u2019ai eu honte pour les auteurs comme pour les commanditaires. Comment peut-on?<\/p>\n<p class=\"astro-gkn4pfbc articleParagraph externalicon-big focus _content-width article-element astro-bqhs6jcx\">(1) Il existe depuis 2009-2010 une galerie \u00e0 Carouge dirig\u00e9e par Exem est sa femme Mireille. \u00abS\u00e9ries rares\u00bb a br\u00fbl\u00e9 en 2024, mais la petite entreprise est ren\u00e9e depuis, tel le ph\u00e9nix.<\/p>\n<p class=\"astro-gkn4pfbc articleParagraph externalicon-big focus _content-width article-element astro-bqhs6jcx\">(2) Il existe du reste une certaine communaut\u00e9 d\u2019id\u00e9es entre Exem et \u00abLe Courrier\u00bb. Du moins \u00e0 mon avis.<\/p>\n<p> Pratique<\/p>\n<p class=\"astro-gkn4pfbc articleParagraph externalicon-big focus _content-width article-element astro-bqhs6jcx\">\u00abExem aux urnes, 40\u00a0ans d\u2019affiches politiques\u00bb, Quartier libre, pont de la Machine, Gen\u00e8ve, jusqu\u2019au 2\u00a0janvier 2027. T\u00e9l. 022\u00a0420\u00a075\u00a075. Ouvert tous les jours de 11h \u00e0 17h. Entr\u00e9e gratuite.<\/p>\n<p>      <img decoding=\"async\" loading=\"lazy\" src=\"https:\/\/www.europesays.com\/ch-fr\/wp-content\/uploads\/2026\/09\/D5NdpH1NK5kAM7z3MkXBM4.jpg\" data-image-url=\"https:\/\/www.europesays.com\/ch-fr\/wp-content\/uploads\/2026\/09\/D5NdpH1NK5kAM7z3MkXBM4.jpg\" alt=\"Affiche r\u00e9f\u00e9rendaire illustr\u00e9e contre le parking priv\u00e9 \u00abCl\u00e9 de Rive\u00bb \u00e0 Gen\u00e8ve, avec le mot \u00abNON\u00bb en jaune et une voiture rouge \u00e9crasant la v\u00e9g\u00e9tation.\" title=\"Affiche r\u00e9f\u00e9rendaire illustr\u00e9e contre le parking priv\u00e9 \u00abCl\u00e9 de Rive\u00bb \u00e0 Gen\u00e8ve, avec le mot \u00abNON\u00bb en jaune et une voiture rouge \u00e9crasant la v\u00e9g\u00e9tation.\" class=\"ResponsiveImage responsive-image astro-xbt4piv4\" style=\"background-color:#8C7348\" onload=\"this.style.backgroundColor = &quot;transparent&quot;\"\/>           <\/p>\n<p>La lutte contre le b\u00e9ton est une constante chez Exem.<\/p>\n<p>Exem.<\/p>\n","protected":false},"excerpt":{"rendered":"Opinion \u2013 Exem l\u2019affichiste nous fait voter social au pont de la Machine Le Genevois a cr\u00e9\u00e9 500&hellip;\n","protected":false},"author":2,"featured_media":293350,"comment_status":"","ping_status":"","sticky":false,"template":"","format":"standard","meta":{"footnotes":"","_share_on_mastodon":"0"},"categories":[17],"tags":[170,169,23],"class_list":["post-293349","post","type-post","status-publish","format-standard","has-post-thumbnail","category-geneve","tag-geneva","tag-geneve","tag-suisse"],"share_on_mastodon":{"url":"https:\/\/pubeurope.com\/@ch_fr\/117219731342751133","error":""},"_links":{"self":[{"href":"https:\/\/www.europesays.com\/ch-fr\/wp-json\/wp\/v2\/posts\/293349","targetHints":{"allow":["GET"]}}],"collection":[{"href":"https:\/\/www.europesays.com\/ch-fr\/wp-json\/wp\/v2\/posts"}],"about":[{"href":"https:\/\/www.europesays.com\/ch-fr\/wp-json\/wp\/v2\/types\/post"}],"author":[{"embeddable":true,"href":"https:\/\/www.europesays.com\/ch-fr\/wp-json\/wp\/v2\/users\/2"}],"replies":[{"embeddable":true,"href":"https:\/\/www.europesays.com\/ch-fr\/wp-json\/wp\/v2\/comments?post=293349"}],"version-history":[{"count":0,"href":"https:\/\/www.europesays.com\/ch-fr\/wp-json\/wp\/v2\/posts\/293349\/revisions"}],"wp:featuredmedia":[{"embeddable":true,"href":"https:\/\/www.europesays.com\/ch-fr\/wp-json\/wp\/v2\/media\/293350"}],"wp:attachment":[{"href":"https:\/\/www.europesays.com\/ch-fr\/wp-json\/wp\/v2\/media?parent=293349"}],"wp:term":[{"taxonomy":"category","embeddable":true,"href":"https:\/\/www.europesays.com\/ch-fr\/wp-json\/wp\/v2\/categories?post=293349"},{"taxonomy":"post_tag","embeddable":true,"href":"https:\/\/www.europesays.com\/ch-fr\/wp-json\/wp\/v2\/tags?post=293349"}],"curies":[{"name":"wp","href":"https:\/\/api.w.org\/{rel}","templated":true}]}}