{"id":293355,"date":"2026-09-05T18:02:18","date_gmt":"2026-09-05T18:02:18","guid":{"rendered":"https:\/\/www.europesays.com\/ch-fr\/293355\/"},"modified":"2026-09-05T18:02:18","modified_gmt":"2026-09-05T18:02:18","slug":"ampersone-en-speedy-fansign-a-la-fnac-des-ternes-pour-leur-nouvel-album-definition","status":"publish","type":"post","link":"https:\/\/www.europesays.com\/ch-fr\/293355\/","title":{"rendered":"Ampers&#038;One en speedy fansign \u00e0 la Fnac des Ternes pour leur nouvel album \u00ab\u00a0Definition\u00a0\u00bb !"},"content":{"rendered":"<p>La Kpop s\u2019invite une nouvelle fois \u00e0 la Fnac des Ternes : le boys band \u00ab\u00a0Ampers&amp;One\u00a0\u00bb en speedy fansign pour la sortie de leur nouvel album \u00ab\u00a0Definition\u00a0\u00bb!<\/p>\n<p>                            Introduction<\/p>\n<p>Attention :\u00a0Achat de l\u2019album \u00ab\u00a0Definition\u00a0\u00bb obligatoire pour participer au speedy fansign.<\/p>\n<p>Conditions d\u2019achat du CD : Le CD devra \u00eatre achet\u00e9 le dimanche 20 septembre de 11h00 \u00e0 15h00 au comptoir vinyle du 2e \u00e9tage du magasin Fnac des Ternes (26\/30 Avenue des Ternes, 75017).\u00a0<\/p>\n<p>Votre bracelet d\u2019acc\u00e8s \u00e0 la d\u00e9dicace vous sera remis apr\u00e8s achat de l\u2019album.<\/p>\n<p>        <img decoding=\"async\" src=\"https:\/\/www.europesays.com\/ch-fr\/wp-content\/uploads\/2026\/09\/logo-rse.png\" alt=\"RSE\" loading=\"lazy\" width=\"84\" height=\"116\"\/><\/p>\n<p>        La Fnac s\u2019engage activement dans les initiatives de responsabilit\u00e9 soci\u00e9tale des entreprises (RSE).<\/p>\n<p class=\"small\">\n        Aidez-nous en choisissant la mobilit\u00e9 douce en privil\u00e9giant par exemple le v\u00e9lo (pistes cyclables et stationnements \u00e0 disposition), les transports en commun ou le covoiturage pour nous rejoindre. Ainsi, vous contribuez \u00e0 r\u00e9duire les \u00e9missions de gaz \u00e0 effet de serre et \u00e0 am\u00e9liorer notre qualit\u00e9 de l\u2019air. Pour plus d\u2019information, consultez la fiche du magasin.<br \/>Tous nos \u00e9v\u00e8nements sont en acc\u00e8s gratuit, dans la limite des places disponibles.\n    <\/p>\n","protected":false},"excerpt":{"rendered":"La Kpop s\u2019invite une nouvelle fois \u00e0 la Fnac des Ternes : le boys band \u00ab\u00a0Ampers&amp;One\u00a0\u00bb en speedy&hellip;\n","protected":false},"author":2,"featured_media":293356,"comment_status":"","ping_status":"","sticky":false,"template":"","format":"standard","meta":{"footnotes":"","_share_on_mastodon":"0"},"categories":[12],"tags":[647,113,112,140,141,3846,23],"class_list":["post-293355","post","type-post","status-publish","format-standard","has-post-thumbnail","category-musique","tag-album","tag-divertissement","tag-entertainment","tag-music","tag-musique","tag-pop","tag-suisse"],"share_on_mastodon":{"url":"https:\/\/pubeurope.com\/@ch_fr\/117219750618588894","error":""},"_links":{"self":[{"href":"https:\/\/www.europesays.com\/ch-fr\/wp-json\/wp\/v2\/posts\/293355","targetHints":{"allow":["GET"]}}],"collection":[{"href":"https:\/\/www.europesays.com\/ch-fr\/wp-json\/wp\/v2\/posts"}],"about":[{"href":"https:\/\/www.europesays.com\/ch-fr\/wp-json\/wp\/v2\/types\/post"}],"author":[{"embeddable":true,"href":"https:\/\/www.europesays.com\/ch-fr\/wp-json\/wp\/v2\/users\/2"}],"replies":[{"embeddable":true,"href":"https:\/\/www.europesays.com\/ch-fr\/wp-json\/wp\/v2\/comments?post=293355"}],"version-history":[{"count":0,"href":"https:\/\/www.europesays.com\/ch-fr\/wp-json\/wp\/v2\/posts\/293355\/revisions"}],"wp:featuredmedia":[{"embeddable":true,"href":"https:\/\/www.europesays.com\/ch-fr\/wp-json\/wp\/v2\/media\/293356"}],"wp:attachment":[{"href":"https:\/\/www.europesays.com\/ch-fr\/wp-json\/wp\/v2\/media?parent=293355"}],"wp:term":[{"taxonomy":"category","embeddable":true,"href":"https:\/\/www.europesays.com\/ch-fr\/wp-json\/wp\/v2\/categories?post=293355"},{"taxonomy":"post_tag","embeddable":true,"href":"https:\/\/www.europesays.com\/ch-fr\/wp-json\/wp\/v2\/tags?post=293355"}],"curies":[{"name":"wp","href":"https:\/\/api.w.org\/{rel}","templated":true}]}}