{"id":293373,"date":"2026-09-05T18:20:28","date_gmt":"2026-09-05T18:20:28","guid":{"rendered":"https:\/\/www.europesays.com\/ch-fr\/293373\/"},"modified":"2026-09-05T18:20:28","modified_gmt":"2026-09-05T18:20:28","slug":"43e-foire-exposition-de-barbezieux-julien-lieb-sur-scene-le-public-dans-les-allees","status":"publish","type":"post","link":"https:\/\/www.europesays.com\/ch-fr\/293373\/","title":{"rendered":"43e foire-exposition de Barbezieux\u00a0: Julien Lieb sur sc\u00e8ne, le public dans les all\u00e9es"},"content":{"rendered":"<p>Son interpr\u00e9tation de \u00ab\u00a0Formidable\u00a0\u00bb, de Stromae, une chanson qui l\u2019a marqu\u00e9 lors de son aventure dans le ch\u00e2teau de la Star\u2019Ac en 2023, a \u00e9t\u00e9 particuli\u00e8rement incarn\u00e9e. Un concert qui a bascul\u00e9 dans une \u00e9nergie plus festive apr\u00e8s son duo survolt\u00e9 avec Otta (pr\u00e9sent) et leur titre \u00ab\u00a0Dis moi o\u00f9\u00a0\u00bb.<\/p>\n<p>Pour autant, le public n\u2019a pas r\u00e9ellement migr\u00e9 vers la sc\u00e8ne \u00e0 l\u2019heure du concert, fait tr\u00e8s inhabituel pour l\u2019\u00e9v\u00e9nement. Les all\u00e9es sont rest\u00e9es particuli\u00e8rement visit\u00e9es, l\u2019espace gastronomie fr\u00e9quent\u00e9. La chaleur \u00e9crasante sur l\u2019esplanade a-t-elle eu raison des courageux ou est-ce que le casting n\u2019a pas trouv\u00e9 sa cible\u00a0? Il est trop t\u00f4t pour l\u2019analyser.<\/p>\n<p>Dimanche, pour le troisi\u00e8me et dernier jour, Amel Bent montera sur la grande sc\u00e8ne \u00e0 18 heures.<\/p>\n","protected":false},"excerpt":{"rendered":"Son interpr\u00e9tation de \u00ab\u00a0Formidable\u00a0\u00bb, de Stromae, une chanson qui l\u2019a marqu\u00e9 lors de son aventure dans le ch\u00e2teau&hellip;\n","protected":false},"author":2,"featured_media":293374,"comment_status":"","ping_status":"","sticky":false,"template":"","format":"standard","meta":{"footnotes":"","_share_on_mastodon":"0"},"categories":[12],"tags":[113,112,140,141,23],"class_list":["post-293373","post","type-post","status-publish","format-standard","has-post-thumbnail","category-musique","tag-divertissement","tag-entertainment","tag-music","tag-musique","tag-suisse"],"share_on_mastodon":{"url":"https:\/\/pubeurope.com\/@ch_fr\/117219821060254724","error":""},"_links":{"self":[{"href":"https:\/\/www.europesays.com\/ch-fr\/wp-json\/wp\/v2\/posts\/293373","targetHints":{"allow":["GET"]}}],"collection":[{"href":"https:\/\/www.europesays.com\/ch-fr\/wp-json\/wp\/v2\/posts"}],"about":[{"href":"https:\/\/www.europesays.com\/ch-fr\/wp-json\/wp\/v2\/types\/post"}],"author":[{"embeddable":true,"href":"https:\/\/www.europesays.com\/ch-fr\/wp-json\/wp\/v2\/users\/2"}],"replies":[{"embeddable":true,"href":"https:\/\/www.europesays.com\/ch-fr\/wp-json\/wp\/v2\/comments?post=293373"}],"version-history":[{"count":0,"href":"https:\/\/www.europesays.com\/ch-fr\/wp-json\/wp\/v2\/posts\/293373\/revisions"}],"wp:featuredmedia":[{"embeddable":true,"href":"https:\/\/www.europesays.com\/ch-fr\/wp-json\/wp\/v2\/media\/293374"}],"wp:attachment":[{"href":"https:\/\/www.europesays.com\/ch-fr\/wp-json\/wp\/v2\/media?parent=293373"}],"wp:term":[{"taxonomy":"category","embeddable":true,"href":"https:\/\/www.europesays.com\/ch-fr\/wp-json\/wp\/v2\/categories?post=293373"},{"taxonomy":"post_tag","embeddable":true,"href":"https:\/\/www.europesays.com\/ch-fr\/wp-json\/wp\/v2\/tags?post=293373"}],"curies":[{"name":"wp","href":"https:\/\/api.w.org\/{rel}","templated":true}]}}